{"id":16263,"date":"2019-02-22T04:45:00","date_gmt":"2019-02-22T09:45:00","guid":{"rendered":"https:\/\/linitiative.ca\/International\/5g-ericsson-dans-les-starting-blocks\/"},"modified":"2019-02-22T04:45:00","modified_gmt":"2019-02-22T09:45:00","slug":"5g-ericsson-dans-les-starting-blocks","status":"publish","type":"post","link":"https:\/\/linitiative.ca\/International\/5g-ericsson-dans-les-starting-blocks\/","title":{"rendered":"5G: Ericsson dans les starting-blocks"},"content":{"rendered":"<div readability=\"34\">\n<p>Le groupe su\u00e9dois a d\u00e9j\u00e0 sign\u00e9 une dizaine de contrats dans plusieurs r\u00e9gions du monde<\/p>\n<p>L\u2019impl\u00e9mentation de la norme au Maroc suspendue au feu vert de l\u2019ANRT<\/p>\n<\/div>\n<div readability=\"105\">\n<div class=\"dnd-atom-wrapper type-image context-sdl_editor_representation\" contenteditable=\"false\" readability=\"32\">\n<div class=\"dnd-drop-wrapper image\"><img loading=\"lazy\" decoding=\"async\" typeof=\"foaf:Image\" class=\"img-responsive\" src=\"https:\/\/www.leconomiste.com\/sites\/default\/files\/eco7\/public\/thumbnails\/image\/5-g-058.jpg\" width=\"660\" height=\"330\" alt=\"5-g-058.jpg\" title=\"5-g-058.jpg\"\/><\/div>\n<div class=\"dnd-legend-wrapper\" contenteditable=\"true\" readability=\"9\">\n<p class=\"rtejustify\">L\u2019\u00e9quipementier IT su\u00e9dois s\u2019appr\u00eate \u00e0 annoncer ses nouvelles solutions 5G au cours du salon mondial de la t\u00e9l\u00e9phonie mobile, pr\u00e9vu du 25 au 28 f\u00e9vrier \u00e0 Barcelone <em>(Ph. Ericsson)<\/em><\/p>\n<\/div>\n<\/div>\n<p class=\"rtejustify\">Ericsson est en promotion en Afrique dans sa pr\u00e9paration du congr\u00e8s mondial de la t\u00e9l\u00e9phonie mobile qui se tiendra du 25 au 28 f\u00e9vrier \u00e0 Barcelone. L\u2019\u00e9quipementier su\u00e9dois, fond\u00e9 il y a 140 ans, d\u00e9voilera ses derni\u00e8res solutions technologiques au salon mondial.<\/p>\n<p class=\"rtejustify\">Une chose est s\u00fbre: la multinationale mise beaucoup sur la 5G pour laquelle elle a d\u00e9j\u00e0 sign\u00e9 une dizaine de contrats \u00e0 travers le monde: \u00c9tats-Unis, Norv\u00e8ge, Grande-Bretagne, Suisse, Australie\u2026 Elle peut au passage b\u00e9n\u00e9ficier de la \u00abmise en quarantaine\u00bb du chinois Huawei, soup\u00e7onn\u00e9 par les pays occidentaux d\u2019avoir gliss\u00e9 un mouchard dans sa technologie.<\/p>\n<p class=\"rtejustify\">En tout cas, Ericsson table sur 1,5 milliard d\u2019abonn\u00e9s potentiels \u00e0 l\u2019\u00e9chelle internationale d\u2019ici 2024. Soit environ 40% de la population mondiale abonn\u00e9e \u00e0 la 5G. Outre le chinois, la multinationale su\u00e9doise est concurrenc\u00e9e par Nokia sur ce cr\u00e9neau. Au niveau de l\u2019Europe occidentale, la 5G devrait repr\u00e9senter 1\/3 des abonnements \u00e0 la t\u00e9l\u00e9phonie mobile d\u2019ici 2024.<\/p>\n<p class=\"rtejustify\">Au terme du troisi\u00e8me trimestre 2018, le trafic de la data via le mobile a augment\u00e9 de 73% par rapport \u00e0 la m\u00eame p\u00e9riode de 2017, soit le taux de progression le plus \u00e9lev\u00e9 depuis 2013. Mais c\u2019est en Asie du Nord-Est, essentiellement en Chine, que le trafic de donn\u00e9es par smartphone a le plus augment\u00e9. La r\u00e9gion g\u00e9n\u00e8re le plus haut trafic de donn\u00e9es sur smartphone \u00e0 raison de 7,3 Go par mois.<\/p>\n<p class=\"rtejustify\">L\u2019Am\u00e9rique du Nord se positionne en pole position via des terminaux param\u00e9tr\u00e9s pour 8,6 Go par mois. Ce qui correspond \u00e0 la consommation d\u2019une vid\u00e9o en streaming HD de plus de 12 heures par mois. Le trafic de la data est celui qui booste la rentabilit\u00e9 des soci\u00e9t\u00e9s de t\u00e9l\u00e9coms. Le march\u00e9 est donc propice \u00e0 l\u2019investissement.<\/p>\n<p class=\"rtejustify\">Les facteurs de succ\u00e8s de la 5G se d\u00e9clinent \u00e0 travers la capacit\u00e9 r\u00e9seau accrue, un rapport co\u00fbt\/gigaoctet tr\u00e8s bas par rapport aux solutions pr\u00e9c\u00e9dentes\u2026 De plus, l\u2019impl\u00e9mentation de la nouvelle technologie ne n\u00e9cessite pas d\u2019investissements suppl\u00e9mentaires du fait que les \u00e9quipements sont \u00e9volutifs.\u00a0<\/p>\n<p class=\"rtejustify\">L\u2019int\u00e9gration des technologies NB-IoT et Cat-M1 aux connexions via smartphone permet de booster les performances et les applications des objets connect\u00e9s. Ainsi, sur les 4,1 milliards de connexions projet\u00e9es en 2024, l\u2019Asie du Nord-Est devraient accaparer 2,7 milliards.<\/p>\n<p class=\"rtejustify\">Ericsson, qui s\u2019\u00e9tait d\u00e9sengag\u00e9 de la fabrication de t\u00e9l\u00e9phones depuis sa s\u00e9paration d\u2019avec Sony (Xperia), s\u2019est beaucoup plus orient\u00e9 vers des \u00e9quipements \u00e0 plus forte valeur ajout\u00e9e. Ainsi, il a d\u00e9velopp\u00e9 une large gamme de solutions en mati\u00e8re d\u2019objets connect\u00e9s (IoT).\u00a0<\/p>\n<p class=\"rtejustify\">Au Maroc, Ericsson a pr\u00e9sent\u00e9 sa solution 5G au management de Maroc Telecom il y a quelques semaines. Ses \u00e9quipes devraient approcher sous peu les autres op\u00e9rateurs. En revanche, pas de calendrier officiel sur le d\u00e9ploiement de la solution au Maroc.<\/p>\n<p class=\"rtejustify\">Selon le management de la direction r\u00e9gionale d\u2019Ericsson, le Royaume devrait faire partie des premiers pays africains \u00e0 adopter la 5G, aux c\u00f4t\u00e9s de l\u2019Afrique du Sud et de l\u2019Egypte. Le d\u00e9ploiement de la 5G reste suspendu au feu vert des autorit\u00e9s de r\u00e9gulation.<\/p>\n<p class=\"rtejustify\"><em>H.E.<\/em><\/p>\n<\/div>\n<p>Auteur: hlafriqi<br \/>\n<a href=\"https:\/\/www.leconomiste.com\/article\/1041138-5g-ericsson-dans-les-starting-blocks\">Cliquez ici pour lire l&rsquo;article depuis sa source.<\/a><\/p>\n","protected":false},"excerpt":{"rendered":"<p>Le groupe su\u00e9dois a d\u00e9j\u00e0 sign\u00e9 une dizaine de contrats dans plusieurs r\u00e9gions du monde L\u2019impl\u00e9mentation de la norme au Maroc suspendue au feu vert de l\u2019ANRT L\u2019\u00e9quipementier IT su\u00e9dois s\u2019appr\u00eate \u00e0 annoncer ses nouvelles solutions 5G au cours du salon mondial de la t\u00e9l\u00e9phonie mobile, pr\u00e9vu du 25 au 28 f\u00e9vrier \u00e0 Barcelone (Ph. [&hellip;]<\/p>\n","protected":false},"author":1763,"featured_media":16270,"comment_status":"closed","ping_status":"closed","sticky":false,"template":"","format":"standard","meta":{"fifu_image_url":"","fifu_image_alt":"","footnotes":""},"categories":[78,54],"tags":[],"class_list":["post-16263","post","type-post","status-publish","format-standard","has-post-thumbnail","hentry","category-economie","category-maroc"],"_links":{"self":[{"href":"https:\/\/linitiative.ca\/International\/wp-json\/wp\/v2\/posts\/16263","targetHints":{"allow":["GET"]}}],"collection":[{"href":"https:\/\/linitiative.ca\/International\/wp-json\/wp\/v2\/posts"}],"about":[{"href":"https:\/\/linitiative.ca\/International\/wp-json\/wp\/v2\/types\/post"}],"author":[{"embeddable":true,"href":"https:\/\/linitiative.ca\/International\/wp-json\/wp\/v2\/users\/1763"}],"replies":[{"embeddable":true,"href":"https:\/\/linitiative.ca\/International\/wp-json\/wp\/v2\/comments?post=16263"}],"version-history":[{"count":0,"href":"https:\/\/linitiative.ca\/International\/wp-json\/wp\/v2\/posts\/16263\/revisions"}],"wp:featuredmedia":[{"embeddable":true,"href":"https:\/\/linitiative.ca\/International\/wp-json\/"}],"wp:attachment":[{"href":"https:\/\/linitiative.ca\/International\/wp-json\/wp\/v2\/media?parent=16263"}],"wp:term":[{"taxonomy":"category","embeddable":true,"href":"https:\/\/linitiative.ca\/International\/wp-json\/wp\/v2\/categories?post=16263"},{"taxonomy":"post_tag","embeddable":true,"href":"https:\/\/linitiative.ca\/International\/wp-json\/wp\/v2\/tags?post=16263"}],"curies":[{"name":"wp","href":"https:\/\/api.w.org\/{rel}","templated":true}]}}