{"id":16274,"date":"2019-02-21T18:09:13","date_gmt":"2019-02-21T23:09:13","guid":{"rendered":"https:\/\/linitiative.ca\/International\/province-dal-haouz-plus-de-600-participants-a-leco-trail-de-lalla-takerkoust\/"},"modified":"2019-02-21T18:09:13","modified_gmt":"2019-02-21T23:09:13","slug":"province-dal-haouz-plus-de-600-participants-a-leco-trail-de-lalla-takerkoust","status":"publish","type":"post","link":"https:\/\/linitiative.ca\/International\/province-dal-haouz-plus-de-600-participants-a-leco-trail-de-lalla-takerkoust\/","title":{"rendered":"Province d\u2019Al Haouz: Plus de 600 participants \u00e0 l\u2019\u00c9co Trail de Lalla Takerkoust"},"content":{"rendered":"<p><iframe loading=\"lazy\" width=\"1170\" height=\"658\" src=\"https:\/\/www.youtube.com\/embed\/9J26R__MdTE?feature=oembed\" frameborder=\"0\" allow=\"accelerometer; autoplay; encrypted-media; gyroscope; picture-in-picture\" allowfullscreen=\"\">[embedded content]<\/iframe><\/p>\n<div class=\"post-header-inner\">\n<div class=\"post-header-title\">\n<p>\n\t\t\t\t<span class=\"time\"><time class=\"post-published updated\" datetime=\"2019-02-21T23:09:13+00:00\"><b><b> 21 F\u00e9v 2019  <\/b> <\/b><\/time><\/span>\n\t\t\t<\/p>\n<\/p><\/div>\n<\/p><\/div>\n<div class=\"single-post-excerpt post-excerpt-bc\" readability=\"34\">\n<p>Plus de 600 coureurs et marcheurs ont r\u00e9pondu pr\u00e9sents \u00e0 la 2\u00e8 \u00e9dition de l\u2019\u00c9co-Trail de Lalla Takerkoust disput\u00e9e dimanche dernier, dans la r\u00e9gion d\u2019Amizmiz (province d\u2019Al Haouz).<\/p>\n<\/div>\n<p>Auteur: Meriem IGASS<br \/>\n<a href=\"http:\/\/www.mapmarrakech.ma\/fr\/province-dal-haouz-plus-de-600-participants-a-leco-trail-de-lalla-takerkoust\/\">Cliquez ici pour lire l&rsquo;article depuis sa source.<\/a><\/p>\n","protected":false},"excerpt":{"rendered":"<p>[embedded content] 21 F\u00e9v 2019 Plus de 600 coureurs et marcheurs ont r\u00e9pondu pr\u00e9sents \u00e0 la 2\u00e8 \u00e9dition de l\u2019\u00c9co-Trail de Lalla Takerkoust disput\u00e9e dimanche dernier, dans la r\u00e9gion d\u2019Amizmiz (province d\u2019Al Haouz). Auteur: Meriem IGASS Cliquez ici pour lire l&rsquo;article depuis sa source.<\/p>\n","protected":false},"author":1788,"featured_media":0,"comment_status":"closed","ping_status":"closed","sticky":false,"template":"","format":"standard","meta":{"fifu_image_url":"","fifu_image_alt":"","footnotes":""},"categories":[54,76],"tags":[],"class_list":["post-16274","post","type-post","status-publish","format-standard","hentry","category-maroc","category-regions"],"_links":{"self":[{"href":"https:\/\/linitiative.ca\/International\/wp-json\/wp\/v2\/posts\/16274","targetHints":{"allow":["GET"]}}],"collection":[{"href":"https:\/\/linitiative.ca\/International\/wp-json\/wp\/v2\/posts"}],"about":[{"href":"https:\/\/linitiative.ca\/International\/wp-json\/wp\/v2\/types\/post"}],"author":[{"embeddable":true,"href":"https:\/\/linitiative.ca\/International\/wp-json\/wp\/v2\/users\/1788"}],"replies":[{"embeddable":true,"href":"https:\/\/linitiative.ca\/International\/wp-json\/wp\/v2\/comments?post=16274"}],"version-history":[{"count":0,"href":"https:\/\/linitiative.ca\/International\/wp-json\/wp\/v2\/posts\/16274\/revisions"}],"wp:attachment":[{"href":"https:\/\/linitiative.ca\/International\/wp-json\/wp\/v2\/media?parent=16274"}],"wp:term":[{"taxonomy":"category","embeddable":true,"href":"https:\/\/linitiative.ca\/International\/wp-json\/wp\/v2\/categories?post=16274"},{"taxonomy":"post_tag","embeddable":true,"href":"https:\/\/linitiative.ca\/International\/wp-json\/wp\/v2\/tags?post=16274"}],"curies":[{"name":"wp","href":"https:\/\/api.w.org\/{rel}","templated":true}]}}