{"id":16285,"date":"2019-02-21T15:55:15","date_gmt":"2019-02-21T20:55:15","guid":{"rendered":"https:\/\/linitiative.ca\/International\/colloque-a-oujda-sur-les-manifestations-de-lalterite-dans-la-culture-arabe\/"},"modified":"2019-02-21T15:55:15","modified_gmt":"2019-02-21T20:55:15","slug":"colloque-a-oujda-sur-les-manifestations-de-lalterite-dans-la-culture-arabe","status":"publish","type":"post","link":"https:\/\/linitiative.ca\/International\/colloque-a-oujda-sur-les-manifestations-de-lalterite-dans-la-culture-arabe\/","title":{"rendered":"Colloque \u00e0 Oujda sur \u00ab\u00a0Les manifestations de l\u2019alt\u00e9rit\u00e9 dans la culture arabe\u00a0\u00bb"},"content":{"rendered":"<div readability=\"37\">\n<p>\u00ab\u00a0Les manifestations de l\u2019alt\u00e9rit\u00e9 dans la culture arabe\u00a0\u00bb, tel est le th\u00e8me d\u2019un colloque organis\u00e9, jeudi \u00e0 Oujda, par l\u2019Acad\u00e9mie du Royaume du Maroc en partenariat avec le minist\u00e8re de la Culture et de la Communication.<\/p>\n<\/div>\n<div readability=\"122\">\n<p>Initi\u00e9 dans le cadre de la c\u00e9l\u00e9bration de l\u2019\u00e9v\u00e9nement \u00ab\u00a0Oujda, capitale de la culture arabe\u00a0\u00bb, ce colloque a r\u00e9uni au Centre d\u2019Etudes et de Recherches Humaines et Sociales d\u2019Oujda (CERHSO), une pl\u00e9iade de professeurs universitaires, de chercheurs et d\u2019experts repr\u00e9sentant le Maroc mais aussi des pays arabes.<\/p>\n<p>Les interventions et les d\u00e9bats qui ont marqu\u00e9 ce colloque ont port\u00e9 sur plusieurs axes, notamment \u00ab\u00a0Le concept de l\u2019alt\u00e9rit\u00e9 entre philosophie et sciences humaines et sociales\u00a0\u00bb, \u00ab\u00a0Les mouvements migratoires entre prise de conscience et consid\u00e9ration de l\u2019autre\u00a0\u00bb, et \u00ab\u00a0Les manifestations de l\u2019alt\u00e9rit\u00e9 dans le cadre de la cr\u00e9ativit\u00e9\u00a0\u00bb.<\/p>\n<p>Le secr\u00e9taire perp\u00e9tuel adjoint de l\u2019Acad\u00e9mie du Royaume du Maroc, Mohamed Kettani a soulign\u00e9 \u00e0 cette occasion que le th\u00e8me \u00ab\u00a0Les manifestations de l\u2019alt\u00e9rit\u00e9 dans la culture arabe\u00a0\u00bb retenu pour cette rencontre scientifique a pr\u00e9occup\u00e9 la pens\u00e9e arabe tout au long du si\u00e8cle pass\u00e9 et ce, dans le cadre de la confrontation civilisationnelle qu\u2019a connue l\u2019Orient arabe et islamique apr\u00e8s l\u2019invasion europ\u00e9enne de ses pays.<\/p>\n<p>Il a relev\u00e9 \u00e0 cet \u00e9gard que ce th\u00e8me reste encore d\u2019actualit\u00e9, notant qu\u2019il \u00e9tait parmi les sujets et les questions \u00e9tudi\u00e9s par la pens\u00e9e arabe dans ses travaux sur des dualit\u00e9s connues, comme la tradition et la modernit\u00e9, le soi et l\u2019autre, le particulier et l\u2019universel et l\u2019identit\u00e9 et l\u2019alt\u00e9rit\u00e9.<\/p>\n<p><img class=\"aligncenter wp-image-10299\" data-src=\"http:\/\/www.mapoujda.ma\/map\/uploads\/2019\/02\/\u0646\u062f\u0648\u0629-\u0628\u0648\u062c\u062f\u0629-\u062d\u0648\u0644-\u062a\u062c\u0644\u064a\u0627\u062a-\u0627\u0644\u063a\u064a\u0631\u064a\u0629-\u0641\u064a-\u0627\u0644\u062b\u0642\u0627\u0641\u0629-\u0627\u0644\u0639\u0631\u0628\u064a\u0629-1.jpg\" alt=\"\" width=\"523\" height=\"300\" srcset=\"http:\/\/www.mapoujda.ma\/map\/uploads\/2019\/02\/\u0646\u062f\u0648\u0629-\u0628\u0648\u062c\u062f\u0629-\u062d\u0648\u0644-\u062a\u062c\u0644\u064a\u0627\u062a-\u0627\u0644\u063a\u064a\u0631\u064a\u0629-\u0641\u064a-\u0627\u0644\u062b\u0642\u0627\u0641\u0629-\u0627\u0644\u0639\u0631\u0628\u064a\u0629-1.jpg 750w, http:\/\/www.mapoujda.ma\/map\/uploads\/2019\/02\/\u0646\u062f\u0648\u0629-\u0628\u0648\u062c\u062f\u0629-\u062d\u0648\u0644-\u062a\u062c\u0644\u064a\u0627\u062a-\u0627\u0644\u063a\u064a\u0631\u064a\u0629-\u0641\u064a-\u0627\u0644\u062b\u0642\u0627\u0641\u0629-\u0627\u0644\u0639\u0631\u0628\u064a\u0629-1-300x172.jpg 300w\" sizes=\"(max-width: 523px) 100vw, 523px\"\/><\/p>\n<p>Et M. Kettani de poursuivre que la recherche ax\u00e9e sur le th\u00e8me de l\u2019alt\u00e9rit\u00e9 n\u2019est pas rest\u00e9e dans un contexte restreint, mais qu\u2019il \u00e9tait trait\u00e9, en particulier dans la pens\u00e9e europ\u00e9enne, au niveau de la sociologie, de l\u2019anthropologie, de la psychologie et de la philosophie, soulignant que l\u2019examen de cette question, dans le cadre de ce colloque, est de nature \u00e0 enclencher un large d\u00e9bat, d\u2019autant plus que le patrimoine arabe et islamique regorge d\u2019exemples qui incarnent l\u2019alt\u00e9rit\u00e9.<\/p>\n<p>De son c\u00f4t\u00e9, le ministre de la Culture et de la Communication, Mohamed La\u00e2raj, a relev\u00e9 que ce colloque ouvre de larges perspectives pour aborder les manifestations de l\u2019alt\u00e9rit\u00e9 dans la culture arabe, que ce soit dans le champ des sciences humaines et sociales ou en mati\u00e8re de prise de conscience de l\u2019autre, ou encore dans le domaine de la cr\u00e9ativit\u00e9 (po\u00e9sie, arts plastiques, r\u00e9cit et image).<\/p>\n<p>Dans une allocution lue en son nom par le coordonnateur g\u00e9n\u00e9ral de l\u2019\u00e9v\u00e9nement \u00ab\u00a0Oujda capitale de la culture arabe\u00a0\u00bb, Mourad Rifi, M. La\u00e2raj a estim\u00e9 que le sujet des \u00ab\u00a0manifestations de l\u2019alt\u00e9rit\u00e9 dans la culture arabe\u00a0\u00bb rev\u00eat une grande importance puisqu\u2019il est d\u2019actualit\u00e9 et en raison de sa complexit\u00e9, ses caract\u00e9ristiques et ses composantes.<\/p>\n<p>Dans ce contexte, le ministre a soulign\u00e9 que la compr\u00e9hension de la culture arabe, \u00e0 travers l\u2019exploration de ses manifestations de l\u2019alt\u00e9rit\u00e9, requiert un traitement sous deux angles: le premier concerne la production savante, intellectuelle et artistique et son \u00e9volution \u00e0 travers les \u00e9poques, et le second aborde la production culturelle \u00e9manant de la vie quotidienne des soci\u00e9t\u00e9s (leurs modes de vie, leurs coutumes, \u2026).<\/p>\n<p>Le colloque a \u00e9t\u00e9 marqu\u00e9 par la pr\u00e9sence notamment du wali de la r\u00e9gion de l\u2019Oriental, gouverneur de la pr\u00e9fecture d\u2019Oujda-Angad, Mouad El Jamai, du pr\u00e9sident du Conseil local des oul\u00e9mas d\u2019Oujda, Mustapha Benhamza, du Directeur g\u00e9n\u00e9ral de l\u2019Agence de d\u00e9veloppement de l\u2019Oriental, Mohamed M\u2019Barki, de membres de l\u2019Acad\u00e9mie du Royaume du Maroc, et d\u2019autres personnalit\u00e9s de monde de l\u2019art et de la culture.<\/p>\n<\/div>\n<p>Auteur: Soufiane ELAHMAR<br \/>\n<a href=\"http:\/\/www.mapoujda.ma\/fr\/colloque-a-oujda-sur-les-manifestations-de-lalterite-dans-la-culture-arabe\/\">Cliquez ici pour lire l&rsquo;article depuis sa source.<\/a><\/p>\n","protected":false},"excerpt":{"rendered":"<p>\u00ab\u00a0Les manifestations de l\u2019alt\u00e9rit\u00e9 dans la culture arabe\u00a0\u00bb, tel est le th\u00e8me d\u2019un colloque organis\u00e9, jeudi \u00e0 Oujda, par l\u2019Acad\u00e9mie du Royaume du Maroc en partenariat avec le minist\u00e8re de la Culture et de la Communication. Initi\u00e9 dans le cadre de la c\u00e9l\u00e9bration de l\u2019\u00e9v\u00e9nement \u00ab\u00a0Oujda, capitale de la culture arabe\u00a0\u00bb, ce colloque a r\u00e9uni [&hellip;]<\/p>\n","protected":false},"author":1788,"featured_media":16300,"comment_status":"closed","ping_status":"closed","sticky":false,"template":"","format":"standard","meta":{"fifu_image_url":"","fifu_image_alt":"","footnotes":""},"categories":[54,76],"tags":[],"class_list":["post-16285","post","type-post","status-publish","format-standard","has-post-thumbnail","hentry","category-maroc","category-regions"],"_links":{"self":[{"href":"https:\/\/linitiative.ca\/International\/wp-json\/wp\/v2\/posts\/16285","targetHints":{"allow":["GET"]}}],"collection":[{"href":"https:\/\/linitiative.ca\/International\/wp-json\/wp\/v2\/posts"}],"about":[{"href":"https:\/\/linitiative.ca\/International\/wp-json\/wp\/v2\/types\/post"}],"author":[{"embeddable":true,"href":"https:\/\/linitiative.ca\/International\/wp-json\/wp\/v2\/users\/1788"}],"replies":[{"embeddable":true,"href":"https:\/\/linitiative.ca\/International\/wp-json\/wp\/v2\/comments?post=16285"}],"version-history":[{"count":0,"href":"https:\/\/linitiative.ca\/International\/wp-json\/wp\/v2\/posts\/16285\/revisions"}],"wp:featuredmedia":[{"embeddable":true,"href":"https:\/\/linitiative.ca\/International\/wp-json\/"}],"wp:attachment":[{"href":"https:\/\/linitiative.ca\/International\/wp-json\/wp\/v2\/media?parent=16285"}],"wp:term":[{"taxonomy":"category","embeddable":true,"href":"https:\/\/linitiative.ca\/International\/wp-json\/wp\/v2\/categories?post=16285"},{"taxonomy":"post_tag","embeddable":true,"href":"https:\/\/linitiative.ca\/International\/wp-json\/wp\/v2\/tags?post=16285"}],"curies":[{"name":"wp","href":"https:\/\/api.w.org\/{rel}","templated":true}]}}