{"id":16290,"date":"2019-02-22T06:35:41","date_gmt":"2019-02-22T11:35:41","guid":{"rendered":"https:\/\/linitiative.ca\/International\/tamesna-une-ville-sans-cimetiere\/"},"modified":"2019-02-22T06:35:41","modified_gmt":"2019-02-22T11:35:41","slug":"tamesna-une-ville-sans-cimetiere","status":"publish","type":"post","link":"https:\/\/linitiative.ca\/International\/tamesna-une-ville-sans-cimetiere\/","title":{"rendered":"Tamesna : une ville sans cimeti\u00e8re"},"content":{"rendered":"<p class=\"p1\">Lorsque l\u2019urbanisme est r\u00e9gi quasi exclusivement par la logique marchande et la non transparence, il ne peut donner naissance qu\u2019\u00e0 des \u00ab <strong>villes-monstres<\/strong> \u00bb.<span class=\"Apple-converted-space\">\u00a0\u00a0<\/span><\/p>\n<div class=\"c10\"\/>\n<p class=\"p1\">Quoi de mieux, sur le plan du principe, que d\u2019encourager la naissance de \u00ab villes-satellites \u00bb autour des grandes villes, pour \u00e9viter l\u2019excessive concentration urbaine. Encore faudrait-il que ces projets soient bas\u00e9s sur une d\u00e9marche multidimensionnelle pour \u00e9viter les nombreuses d\u00e9viations dues surtout \u00e0 la recherche assoiff\u00e9e du gain facile et rapide. <strong>Tamesna<\/strong>, ville situ\u00e9e \u00e0 quelques kilom\u00e8tres de la capitale administrative, Rabat, illustre bien cette r\u00e9alit\u00e9.<\/p>\n<p class=\"p2\">Auparavant, le terrain, sur lequel a \u00e9t\u00e9 \u00e9rig\u00e9e cette ville, \u00e9tait \u00e0 usage agricole, ayant appartenu \u00e0 la SODEA. Plusieurs soci\u00e9t\u00e9s de promotion immobili\u00e8re se sont bouscul\u00e9es pour avoir chacune sa part de terrain. C\u2019\u00e9tait l\u2019\u00e9poque du boom immobilier au Maroc.<\/p>\n<p class=\"p2\">Des immeubles de plusieurs \u00e9tages ont \u00e9t\u00e9 rapidement construits, en plusieurs rang\u00e9es, les uns \u00e0 c\u00f4t\u00e9 des autres. Tr\u00e8s peu ou pas d\u2019espaces verts. Une \u00ab zone villa \u00bb a occup\u00e9 la partie Sud-Ouest de cette nouvelle ville.<\/p>\n<p class=\"p2\">Mais ce fut d\u2019abord une v\u00e9ritable \u00ab ville dortoir \u00bb. Un flux matinal quotidien en direction de Rabat et un retour massif le soir. En venant de Temara, un rond-point permet de virer \u00e0 droite vers la ville de Tamesna. Sinon, en poursuivant la route, tout droit, c\u2019est l\u2019ancienne ville de Sidi Yahya, \u00e0 quelques centaines de m\u00e8tres, \u00e0 la crois\u00e9e de Sidi Bettache, A\u00efn Aouda et A\u00efn Hallouf.<\/p>\n<p class=\"p2\">A\u00efn Aouda est aussi une ville qui a vite gagn\u00e9 en ampleur. Sidi Yahia est une bourgade encercl\u00e9e, comme prise au pi\u00e8ge. Elle ne sait gu\u00e8re ce qui lui arrive. Elle \u00e9tait autrefois habitu\u00e9e au calme et au rythme hebdomadaire de son souk du mardi.<\/p>\n<p class=\"p2\">Mais, ce qui frappe le plus dans cette ville de Tamesna, o\u00f9 les immeubles ont vite pouss\u00e9 comme des champignons, c\u2019est surtout l\u2019absence d\u2019\u00e9coles publiques, d\u2019espaces de loisirs et de terrains de sport.<\/p>\n<p class=\"p2\">La ville est habit\u00e9e principalement par cette cat\u00e9gorie sociale situ\u00e9e au niveau inf\u00e9rieur de la classe moyenne. Des couples de petits fonctionnaires, de cadres moyens dans le secteur priv\u00e9 ou public, souvent en d\u00e9but de carri\u00e8re, avec de jeunes enfants.<\/p>\n<p class=\"p2\">Entre Tamesna, avec ses imposants immeubles sur les collines, et la bourgade de Sidi Yahya, un grand bidonville, r\u00e9servoir aliment\u00e9 en permanence par l\u2019exode rural.<\/p>\n<p class=\"p2\">Le transport public est quasi-inexistant. La plupart des couples sont oblig\u00e9s de s\u2019endetter en achetant \u00e0 cr\u00e9dit des voitures. Le r\u00e9cent tron\u00e7on d\u2019autoroute a heureusement permis aux habitants de Tamesna de contourner les routes secondaires et d\u2019\u00e9viter les fr\u00e9quents embouteillages quotidiens. Mais il faut se lever t\u00f4t le matin pour emmener les enfants \u00e0 l\u2019\u00e9cole et rejoindre le boulot.<\/p>\n<p class=\"p2\">Pendant les vacances, les enfants n\u2019ont que les petites ruelles entre les immeubles pour y improviser des terrains de foot de fortune et taper le ballon.<\/p>\n<p class=\"p2\">Lorsque tombent les pluies, les inondations sont la r\u00e8gle. Canalisations insuffisantes ou bouch\u00e9es. C\u00f4t\u00e9 s\u00e9curit\u00e9, un vide quasi-total. Les cambriolages sont fr\u00e9quents dans la \u00ab zone villas \u00bb o\u00f9 les habitants recrutent des \u00ab gardiens priv\u00e9s \u00bb. <span class=\"s1\">Mais le principal comble reste l\u2019absence de <strong>cimeti\u00e8re<\/strong>.<\/span><\/p>\n<p class=\"p5\"><span class=\"s1\"><strong>\u00ab<\/strong><\/span><em>Les promoteurs ont oubli\u00e9 que l\u2019\u00eatre humain est mortel \u00bb<\/em>. Cette phrase m\u2019a \u00e9t\u00e9 dite par un vieux septuag\u00e9naire, dans un caf\u00e9, au centre de la petite bourgade de Sidi Yahia, apr\u00e8s l\u2019ach\u00e8vement de la plupart des immeubles de Tamesna que certains qualifient \u00e0 tort ou \u00e0 raison de \u00abcages \u00bb.<\/p>\n<p class=\"p2\"><span class=\"s1\">Le dimanche 3 f\u00e9vrier 2019, en assistant \u00e0 l\u2019enterrement d\u2019un coll\u00e8gue, dans le petit cimeti\u00e8re de Sidi Yahya, seul et unique cimeti\u00e8re dans les environs, je me rendis compte \u00e0 quel point le septuag\u00e9naire avait tellement raison. Pour enterrer notre mort, il a fallu \u00e0 sa petite famille et \u00e0 sa grande famille d\u2019amis et de coll\u00e8gues, n\u00e9gocier l\u2019infime espace disponible, g\u00e9r\u00e9 au millim\u00e8tre pr\u00e8s.<\/span><\/p>\n<p class=\"p2\">L\u2019\u00eatre humain a \u00e9t\u00e9 tellement r\u00e9duit \u00e0 l\u2019adoration du \u00ab Dieu Argent \u00bb, qu\u2019il a oubli\u00e9 ce moment crucial qui nous attend et nous guette \u00e0 chaque instant, toutes et tous : la mort.<\/p>\n<div class=\"c17\">\n<fieldset class=\"c16\">\n<legend><strong><span class=\"c11\">Challenge<\/span><span class=\"c12\">news<\/span><\/strong><\/legend>\n<div class=\"c15\">Le meilleur de la r\u00e9daction s\u00e9lectionn\u00e9 par Challenge :<\/p>\n<\/div>\n<\/fieldset>\n<\/div>\n<p>Auteur: Mohamed Amine<br \/>\n<a href=\"https:\/\/www.challenge.ma\/tamesna-une-ville-sans-cimetiere-105189\/\">Cliquez ici pour lire l&rsquo;article depuis sa source.<\/a><\/p>\n","protected":false},"excerpt":{"rendered":"<p>Lorsque l\u2019urbanisme est r\u00e9gi quasi exclusivement par la logique marchande et la non transparence, il ne peut donner naissance qu\u2019\u00e0 des \u00ab villes-monstres \u00bb.\u00a0\u00a0 Quoi de mieux, sur le plan du principe, que d\u2019encourager la naissance de \u00ab villes-satellites \u00bb autour des grandes villes, pour \u00e9viter l\u2019excessive concentration urbaine. Encore faudrait-il que ces projets soient [&hellip;]<\/p>\n","protected":false},"author":1787,"featured_media":0,"comment_status":"closed","ping_status":"closed","sticky":false,"template":"","format":"standard","meta":{"fifu_image_url":"","fifu_image_alt":"","footnotes":""},"categories":[78,54],"tags":[],"class_list":["post-16290","post","type-post","status-publish","format-standard","hentry","category-economie","category-maroc"],"_links":{"self":[{"href":"https:\/\/linitiative.ca\/International\/wp-json\/wp\/v2\/posts\/16290","targetHints":{"allow":["GET"]}}],"collection":[{"href":"https:\/\/linitiative.ca\/International\/wp-json\/wp\/v2\/posts"}],"about":[{"href":"https:\/\/linitiative.ca\/International\/wp-json\/wp\/v2\/types\/post"}],"author":[{"embeddable":true,"href":"https:\/\/linitiative.ca\/International\/wp-json\/wp\/v2\/users\/1787"}],"replies":[{"embeddable":true,"href":"https:\/\/linitiative.ca\/International\/wp-json\/wp\/v2\/comments?post=16290"}],"version-history":[{"count":0,"href":"https:\/\/linitiative.ca\/International\/wp-json\/wp\/v2\/posts\/16290\/revisions"}],"wp:attachment":[{"href":"https:\/\/linitiative.ca\/International\/wp-json\/wp\/v2\/media?parent=16290"}],"wp:term":[{"taxonomy":"category","embeddable":true,"href":"https:\/\/linitiative.ca\/International\/wp-json\/wp\/v2\/categories?post=16290"},{"taxonomy":"post_tag","embeddable":true,"href":"https:\/\/linitiative.ca\/International\/wp-json\/wp\/v2\/tags?post=16290"}],"curies":[{"name":"wp","href":"https:\/\/api.w.org\/{rel}","templated":true}]}}