{"id":16318,"date":"2019-02-22T05:00:08","date_gmt":"2019-02-22T10:00:08","guid":{"rendered":"https:\/\/linitiative.ca\/International\/bejaia-5-milliards-de-dinars-pour-la-viabilisation-du-nouveau-pole-urbain-dighzer-azarif\/"},"modified":"2019-02-22T05:00:08","modified_gmt":"2019-02-22T10:00:08","slug":"bejaia-5-milliards-de-dinars-pour-la-viabilisation-du-nouveau-pole-urbain-dighzer-azarif","status":"publish","type":"post","link":"https:\/\/linitiative.ca\/International\/bejaia-5-milliards-de-dinars-pour-la-viabilisation-du-nouveau-pole-urbain-dighzer-azarif\/","title":{"rendered":"<div>B\u00e9jaia : 5 milliards de dinars pour la viabilisation du nouveau p\u00f4le urbain d&rsquo;Ighzer azarif<\/div>"},"content":{"rendered":"<div>\n<div class=\"K2FeedImage\"><img decoding=\"async\" src=\"http:\/\/www.aps.dz\/media\/k2\/items\/cache\/e5407fac593873fce76874ae3c1654e9_S.jpg\" alt=\"B\u00e9jaia : 5 milliards de dinars pour la viabilisation du nouveau p\u00f4le urbain d'Ighzer azarif\"><\/div>\n<div class=\"K2FeedIntroText\">\n<p>BEJAIA- Le minist\u00e8re de l\u2019Habitat, de l\u2019Urbansisme et de la Ville a mobilis\u00e9 une enveloppe de cinq milliards de dinars destin\u00e9e \u00e0 prendre en charge la viabilisation du nouveau p\u00f4le urbain d\u2019Ighzer Azarif, situ\u00e9 dans la circonscription de Oued Ghir, \u00e0 12 km \u00e0 l\u2019ouest de Bejaia, a annonc\u00e9 jeudi \u00e0 Bejaia le premier responsable du secteur,\u00a0 Abdelwahid Temmar.<\/p>\n<\/div>\n<div class=\"K2FeedFullText\">\n<p>Le site qui s\u2019\u00e9tale sur 250 hectares, accueille un gigantesque chantier, pour l\u2019implantation de plus de 16.000 logements dont 6.000 d\u00e9j\u00e0 achev\u00e9s,s\u2019affiche dores et d\u00e9j\u00e0 comme une nouvelle ville et une extension naturelle \u00e0 la ville de Bejaia, qui fait face, depuis quelques ann\u00e9es, \u00e0 une saturation av\u00e9r\u00e9e faute de disponibilit\u00e9 fonci\u00e8re dans ses limites g\u00e9ographiques.<\/p>\n<p>\u00ab\u00a0C\u2019est une nouvelle ville qui va accueillir pas moins de 80.000 habitants. Et c\u2019est une belle zone (construite sur le haut des collines). Il faut la r\u00e9ussir\u00a0\u00bb, a soulign\u00e9 le ministre, tout en insistant sur la qualit\u00e9 \u00e0 y observer dans la r\u00e9alisation autant des logements que des \u00e9quipements publics.<\/p>\n<p>Cette enveloppe, ou autorisation de programme du d\u00e9partement minist\u00e9riel de l\u2019Habitat, vient dans cet objectif , a assur\u00e9 le ministre qui, d\u00e9taillant l\u2019\u00e9ventail de ce financement, a fait cas notamment de la prise\u00a0en charge de l\u2019essentiel des co\u00fbts qui seront induits par la r\u00e9alisation des amen\u00e9es, en l\u2019occurrence l\u2019eau, l\u2019\u00e9l\u00e9ctricit\u00e9, le gaz et la prise en charge de l\u2019assainissement et des rejets.<\/p>\n<p>Le minist\u00e8re de l\u2019Habitat qui y joue un r\u00f4le pivot sur le site, n\u2019est pas seul pour autant, a relev\u00e9 M. Temmar. Il indiquera que les minist\u00e8res de l\u2019Hydraulique et de l\u2019En\u00e9rgie ont d\u00e9cid\u00e9 d\u2019apporter leur contribution mat\u00e9rielle et technique, chacun en ce qui le concerne, pour h\u00e2ter l\u2019ach\u00e8vement du projet. \u00ab\u00a0D\u00e9sormais, il n\u2019y a plus de contraintes majeures\u00a0\u00bb, a indiqu\u00e9 le ministre, exhortant les techniciens en place, \u00e0 \u00ab\u00a0faire vite et bien\u00a0\u00bb en se fixant comme objectif de livrer aux citoyens demandeurs les\u00a0premiers logements viabilis\u00e9s d\u00e8s l\u2019\u00e9t\u00e9 prochain.<\/p>\n<p>En fait l\u2019ach\u00e8vement de ce gigantesque projet, par del\u00e0 son impact social et \u00e9conomique, est ardemment attendu pour lib\u00e9rer les moyens qu\u2019il mobilise et leur re-ventilation sur un autre site de m\u00eame nature, celui de Sidi-Bouderham, \u00e0 la p\u00e9riph\u00e9rie ouest de Bejaia, si\u00e8ge d\u2019un chantier d\u2019une consistance de 9.000 logements. Les retards enregistr\u00e9s dans les travaux en raison, a-t-on relev\u00e9, d\u2019un manque de moyens et d\u2019entreprises de r\u00e9alisation, tous focalis\u00e9s sur Ighzer Azarif.<\/p>\n<p>Le ministre a tenu une r\u00e9union \u00e0 huis clos avec ses cadres centraux et locaux afin de d\u00e9cider d\u2019un planning et des op\u00e9rations \u00e0 engager en priorit\u00e9 sur l\u2019un et l\u2019autre des deux sites et du suivi \u00e0 faire.<\/p>\n<p>Durant cette visite le ministre a fait le point \u00e9galement sur le logement rural et les besoins de la wilaya en la mati\u00e8re, la formule y connaissant un vif succ\u00e8s,M.Temmar a pass\u00e9 \u00e9galement en revue plusieurs structures d\u00e9pendant de son d\u00e9partement minist\u00e9riel.<\/p>\n<\/div>\n<\/div>\n<p>Auteur:<br \/>\n<a href=\"http:\/\/www.aps.dz\/regions\/85954-bejaia-5-milliards-de-dinars-pour-la-viabilisation-du-nouveau-pole-urbain-d-ighzer-azarif\">Cliquez ici pour lire l&rsquo;article depuis sa source.<\/a><\/p>\n","protected":false},"excerpt":{"rendered":"<p>BEJAIA- Le minist\u00e8re de l\u2019Habitat, de l\u2019Urbansisme et de la Ville a mobilis\u00e9 une enveloppe de cinq milliards de dinars destin\u00e9e \u00e0 prendre en charge la viabilisation du nouveau p\u00f4le urbain d\u2019Ighzer Azarif, situ\u00e9 dans la circonscription de Oued Ghir, \u00e0 12 km \u00e0 l\u2019ouest de Bejaia, a annonc\u00e9 jeudi \u00e0 Bejaia le premier responsable [&hellip;]<\/p>\n","protected":false},"author":1790,"featured_media":16324,"comment_status":"closed","ping_status":"closed","sticky":false,"template":"","format":"standard","meta":{"fifu_image_url":"","fifu_image_alt":"","footnotes":""},"categories":[53,76],"tags":[],"class_list":["post-16318","post","type-post","status-publish","format-standard","has-post-thumbnail","hentry","category-algerie","category-regions"],"_links":{"self":[{"href":"https:\/\/linitiative.ca\/International\/wp-json\/wp\/v2\/posts\/16318","targetHints":{"allow":["GET"]}}],"collection":[{"href":"https:\/\/linitiative.ca\/International\/wp-json\/wp\/v2\/posts"}],"about":[{"href":"https:\/\/linitiative.ca\/International\/wp-json\/wp\/v2\/types\/post"}],"author":[{"embeddable":true,"href":"https:\/\/linitiative.ca\/International\/wp-json\/wp\/v2\/users\/1790"}],"replies":[{"embeddable":true,"href":"https:\/\/linitiative.ca\/International\/wp-json\/wp\/v2\/comments?post=16318"}],"version-history":[{"count":0,"href":"https:\/\/linitiative.ca\/International\/wp-json\/wp\/v2\/posts\/16318\/revisions"}],"wp:featuredmedia":[{"embeddable":true,"href":"https:\/\/linitiative.ca\/International\/wp-json\/"}],"wp:attachment":[{"href":"https:\/\/linitiative.ca\/International\/wp-json\/wp\/v2\/media?parent=16318"}],"wp:term":[{"taxonomy":"category","embeddable":true,"href":"https:\/\/linitiative.ca\/International\/wp-json\/wp\/v2\/categories?post=16318"},{"taxonomy":"post_tag","embeddable":true,"href":"https:\/\/linitiative.ca\/International\/wp-json\/wp\/v2\/tags?post=16318"}],"curies":[{"name":"wp","href":"https:\/\/api.w.org\/{rel}","templated":true}]}}