{"id":16361,"date":"2019-02-21T11:31:10","date_gmt":"2019-02-21T16:31:10","guid":{"rendered":"https:\/\/linitiative.ca\/International\/85932-hattab-procede-au-lancement-de-la-pratique-du-judo-dans-une-ecole-d-el-harrach\/"},"modified":"2019-02-21T11:31:10","modified_gmt":"2019-02-21T16:31:10","slug":"85932-hattab-procede-au-lancement-de-la-pratique-du-judo-dans-une-ecole-d-el-harrach","status":"publish","type":"post","link":"https:\/\/linitiative.ca\/International\/85932-hattab-procede-au-lancement-de-la-pratique-du-judo-dans-une-ecole-d-el-harrach\/","title":{"rendered":"<div>Hattab proc\u00e8de au lancement de la pratique du judo dans une \u00e9cole d&rsquo;El-Harrach<\/div>"},"content":{"rendered":"<div>\n<div class=\"K2FeedImage\"><img decoding=\"async\" src=\"http:\/\/www.aps.dz\/media\/k2\/items\/cache\/88e55a2b848706305d4971d1fd840009_S.jpg\" alt=\"Hattab proc\u00e8de au lancement de la pratique du judo dans une \u00e9cole d'El-Harrach\"><\/div>\n<div class=\"K2FeedIntroText\">\n<p>ALGER &#8211; Le ministre de la Jeunesse et des Sports (MJS), Mohamed Hattab, a proc\u00e9d\u00e9, jeudi \u00e0 Alger, au lancement de la pratique du judo \u00e0 l&rsquo;\u00e9cole primaire Abderrahmane-Tata, dans la commune d&rsquo;El-Harrach, en pr\u00e9sence de Mustapha Berraf, pr\u00e9sident du Comit\u00e9 olympique et sportif alg\u00e9rien (COA).<\/p>\n<\/div>\n<div class=\"K2FeedFullText\">\n<p>Ce projet, fruit d\u2019un accord entre le COA, la F\u00e9d\u00e9ration alg\u00e9rienne de judo (FAJ) et la F\u00e9d\u00e9ration internationale de judo (FIJ) et qui a re\u00e7u l\u2019aval des minist\u00e8res de la Jeunesse et des Sports et celui de l&rsquo;Education nationale, sera implant\u00e9, dans un premier temps, \u00e0 travers 5 wilayas pilotes : Alger, Tizi-Ouzou, B\u00e9ja\u00efa, Constantine et Oran, avec, dans chacune d&rsquo;entre elles, 4 \u00e9coles primaires auxquelles s\u2019ajoutent 3 \u00e9coles dans le Sud du pays, dont le lieu reste \u00e0 d\u00e9terminer.<\/p>\n<p>\u00ab\u00a0Je suis tr\u00e8s heureux du lancement de ce projet ci-important pour cette discipline. Nous sommes confiants qu&rsquo;un effet positif sera apport\u00e9 au judo qui, je l&rsquo;esp\u00e8re, va atteindre d&rsquo;autres standards et d&rsquo;autres niveaux. La r\u00e9ussite des disciplines passe aussi par l&rsquo;accompagnement de l&rsquo;\u00e9ducation. Personnellement, j&rsquo;estime que beaucoup parmi ces jeunes \u00e9coliers seront des jeunes talents dans le futur et constitueront un r\u00e9servoir important pour cette discipline\u00a0\u00bb, a d\u00e9clar\u00e9 le MJS \u00e0 la presse \u00e0 cette occasion. Il s&rsquo;agit de la 4e \u00e9cole qui accueillera la pratique du judo sur le territoire national, apr\u00e8s les trois premi\u00e8res lanc\u00e9es \u00e0 Tizi-Ouzou, le 14 janvier dernier.<\/p>\n<hr>\n<p><em><strong>Lire aussi :\u00a0<a href=\"http:\/\/www.aps.dz\/sport\/85028-judo-grand-slam-de-paris-les-algeriens-en-quete-de-points-pour-les-jo-2020\" target=\"_blank\" rel=\"noopener noreferrer\"><span class=\"highlight\">Judo<\/span>\u00a0\/ Grand Slam de Paris: les Alg\u00e9riens en qu\u00eate de points pour les JO-2020<\/a><\/strong><\/em><\/p>\n<hr>\n<p>\u00ab\u00a0Dans un premier temps, l&rsquo;objectif principal est d&rsquo;essayer de toucher quelque 2500 \u00e9coliers \u00e0 travers cette initiative pour l&rsquo;ann\u00e9e courante. Ces \u00e9coliers seront encadr\u00e9s par des entra\u00eeneurs tr\u00e8s qualifi\u00e9s dont la majorit\u00e9 sont d&rsquo;anciens athl\u00e8tes des \u00e9quipes nationales et d&rsquo;anciens champions d&rsquo;Afrique qui ont fait leurs preuves. Je pense que ces enfants ont de la chance d&rsquo;\u00eatre encadr\u00e9s par des gens qui ont de l&rsquo;exp\u00e9rience dans le domaine. Nous sommes tr\u00e8s heureux pour la r\u00e9ussite du lancement de ce projet\u00a0\u00bb, s&rsquo;est f\u00e9licit\u00e9 Mohamed Hattab.<\/p>\n<p>Ce projet est soutenu par la F\u00e9d\u00e9ration internationale qui prend aussi en charge les salaires des entra\u00eeneurs et les kimonos des jeunes \u00e9coliers. Pr\u00e9sent sur les lieux, Mustapha Berraf s&rsquo;est dit \u00ab\u00a0tr\u00e8s heureux\u00a0\u00bb pour le lancement de ce projet, estimant au passage que le sport scolaire \u00ab\u00a0devrait revenir sur le terrain\u00a0\u00bb.<\/p>\n<p>\u00ab\u00a0L&rsquo;Alg\u00e9rie est le premier et l&rsquo;unique pays africain \u00e0 avoir lanc\u00e9 ce programme de la F\u00e9d\u00e9ration internationale, c&rsquo;est un honneur pour nous. Pour l&rsquo;ann\u00e9e 2019, nous envisageons de toucher la barre des 2500 \u00e9coliers pratiquants et atteindre les 5000 l&rsquo;an prochain. Il est n\u00e9cessaire que le sport scolaire fasse son retour sur le terrain, c&rsquo;est primordial pour le sport national. Notre premier objectif est d&rsquo;abord de bien \u00e9duquer nos enfants et leur apprendre de se d\u00e9fendre en leur expliquant l&rsquo;importance du fair-play\u00a0\u00bb, a pr\u00e9cis\u00e9 le patron du COA, \u00e9galement pr\u00e9sident de l\u2019Association des comit\u00e9s nationaux olympiques africains (ACNOA).<\/p>\n<p>M\u00eame son de cloche chez Soraya Haddad, ancienne m\u00e9daill\u00e9e olympique et coordinatrice g\u00e9n\u00e9rale du projet : \u00ab\u00a0A mon avis, ce projet est la seule solution qui nous reste pour pr\u00e9parer une nouvelle g\u00e9n\u00e9ration avec de bonnes bases. Avec cette m\u00e9thode de travail, on pourra aider \u00e0 former une \u00e9lite pour les prochaines ann\u00e9es. Le programme \u00e9tabli par la F\u00e9d\u00e9ration internationale sera suivi et appliqu\u00e9 par les entra\u00eeneurs engag\u00e9s. J&rsquo;esp\u00e8re que les autres disciplines suivront le m\u00eame chemin. Outre l&rsquo;aspect sportif, ce projet aidera aussi ces enfants dans leur vie de tous les jours\u00a0\u00bb.<\/p>\n<\/div>\n<p><img loading=\"lazy\" decoding=\"async\" src=\"http:\/\/feeds.feedburner.com\/~r\/aps-sport\/~4\/k7EKh3Xc9hY\" height=\"1\" width=\"1\" alt=\"\"><\/div>\n<p>Auteur:<br \/>\n<a href=\"http:\/\/www.aps.dz\/sport\/85932-hattab-procede-au-lancement-de-la-pratique-du-judo-dans-une-ecole-d-el-harrach?utm_source=feedburner&#038;utm_medium=feed&#038;utm_campaign=Feed%3A+aps-sport+%28APS+-+SPORT%29\">Cliquez ici pour lire l&rsquo;article depuis sa source.<\/a><\/p>\n","protected":false},"excerpt":{"rendered":"<p>ALGER &#8211; Le ministre de la Jeunesse et des Sports (MJS), Mohamed Hattab, a proc\u00e9d\u00e9, jeudi \u00e0 Alger, au lancement de la pratique du judo \u00e0 l&rsquo;\u00e9cole primaire Abderrahmane-Tata, dans la commune d&rsquo;El-Harrach, en pr\u00e9sence de Mustapha Berraf, pr\u00e9sident du Comit\u00e9 olympique et sportif alg\u00e9rien (COA). Ce projet, fruit d\u2019un accord entre le COA, la [&hellip;]<\/p>\n","protected":false},"author":1790,"featured_media":16364,"comment_status":"closed","ping_status":"closed","sticky":false,"template":"","format":"standard","meta":{"fifu_image_url":"","fifu_image_alt":"","footnotes":""},"categories":[53,75],"tags":[],"class_list":["post-16361","post","type-post","status-publish","format-standard","has-post-thumbnail","hentry","category-algerie","category-sport"],"_links":{"self":[{"href":"https:\/\/linitiative.ca\/International\/wp-json\/wp\/v2\/posts\/16361","targetHints":{"allow":["GET"]}}],"collection":[{"href":"https:\/\/linitiative.ca\/International\/wp-json\/wp\/v2\/posts"}],"about":[{"href":"https:\/\/linitiative.ca\/International\/wp-json\/wp\/v2\/types\/post"}],"author":[{"embeddable":true,"href":"https:\/\/linitiative.ca\/International\/wp-json\/wp\/v2\/users\/1790"}],"replies":[{"embeddable":true,"href":"https:\/\/linitiative.ca\/International\/wp-json\/wp\/v2\/comments?post=16361"}],"version-history":[{"count":0,"href":"https:\/\/linitiative.ca\/International\/wp-json\/wp\/v2\/posts\/16361\/revisions"}],"wp:featuredmedia":[{"embeddable":true,"href":"https:\/\/linitiative.ca\/International\/wp-json\/"}],"wp:attachment":[{"href":"https:\/\/linitiative.ca\/International\/wp-json\/wp\/v2\/media?parent=16361"}],"wp:term":[{"taxonomy":"category","embeddable":true,"href":"https:\/\/linitiative.ca\/International\/wp-json\/wp\/v2\/categories?post=16361"},{"taxonomy":"post_tag","embeddable":true,"href":"https:\/\/linitiative.ca\/International\/wp-json\/wp\/v2\/tags?post=16361"}],"curies":[{"name":"wp","href":"https:\/\/api.w.org\/{rel}","templated":true}]}}