{"id":16375,"date":"2019-02-21T11:55:40","date_gmt":"2019-02-21T16:55:40","guid":{"rendered":"https:\/\/linitiative.ca\/International\/85939-vo-vietnam-les-questions-des-grades-et-de-l-arbitrage-evoquees-avec-un-expert-de-la-federation-internationale\/"},"modified":"2019-02-21T11:55:40","modified_gmt":"2019-02-21T16:55:40","slug":"85939-vo-vietnam-les-questions-des-grades-et-de-l-arbitrage-evoquees-avec-un-expert-de-la-federation-internationale","status":"publish","type":"post","link":"https:\/\/linitiative.ca\/International\/85939-vo-vietnam-les-questions-des-grades-et-de-l-arbitrage-evoquees-avec-un-expert-de-la-federation-internationale\/","title":{"rendered":"<div>Vo Vietnam :Les questions des grades et de l&rsquo;arbitrage \u00e9voqu\u00e9es avec un expert de la F\u00e9d\u00e9ration internationale<\/div>"},"content":{"rendered":"<div>\n<div class=\"K2FeedImage\"><img decoding=\"async\" src=\"http:\/\/www.aps.dz\/media\/k2\/items\/cache\/dab5d67e158725217b059ce22da1d685_S.jpg\" alt=\"Vo Vietnam :Les questions des grades et de l'arbitrage \u00e9voqu\u00e9es avec un expert de la F\u00e9d\u00e9ration internationale\"><\/div>\n<div class=\"K2FeedIntroText\">\n<p>ALGER- Des responsables de la F\u00e9d\u00e9ration alg\u00e9rienne de Vo Vietnam tiendront demain vendredi \u00e0 Alger une r\u00e9union technique avec le vice-pr\u00e9sident de la F\u00e9d\u00e9ration internationale de la discipline Nguyen Cong Tot, pour \u00e9voquer diverses questions li\u00e9es \u00e0 cet martial, notamment\u00a0\u00ab\u00a0L&rsquo;\u00e9quivalence pour les grades\u00a0\u00bb obtenus en Alg\u00e9rie et l&rsquo;\u00e9l\u00e9vation du niveau des arbitres suivant les normes internationales.<\/p>\n<\/div>\n<div class=\"K2FeedFullText\">\n<p>Selon le pr\u00e9sident de l&rsquo;instance alg\u00e9rienne, Rabie Ait Medjber, \u00ab\u00a0la F\u00e9d\u00e9ration internationale a r\u00e9pondu positivement \u00e0 notre demande et nous a d\u00e9p\u00each\u00e9 un de ses experts pour encadrer nos arbitres nationaux et \u00e9lever leurs comp\u00e9tences au niveau international\u00a0\u00bb.<\/p>\n<p>\u00ab\u00a0La r\u00e9union de vendredi nous permettra d&rsquo;\u00e9voquer surtout la question de l&rsquo;\u00e9quivalence pour les grades obtenus par les athl\u00e8tes alg\u00e9riens, laquelle doit se faire dans l&rsquo;esprit de la culture vietnamienne, mondialement reconnue. Nous aborderons \u00e9galement l&rsquo;\u00e9tat des lieux de cette discipline tant au niveau national qu&rsquo;\u00e0 l&rsquo;\u00e9chelle internationale, ainsi que la situation des arts martiaux d&rsquo;une mani\u00e8re globale\u00a0\u00bb, a pr\u00e9cis\u00e9 Ait Medjber \u00e0 l&rsquo;APS.<\/p>\n<p>Le Vo Vietnam en Alg\u00e9rie, selon Ait Medjber, n&rsquo;est \u00ab\u00a0pas structur\u00e9 sur le plan administratif\u00a0\u00bb, en comparaison avec d&rsquo;autres pays africains, d&rsquo;o\u00f9 la \u00ab\u00a0n\u00e9cessit\u00e9 pour nous d&rsquo;\u0153uvrer \u00e0 d\u00e9velopper ce sport \u00e0 divers niveaux : entra\u00eenements, arbitrage, encadrement des jeunes talents, afin d&rsquo;\u00eatre au diapason de ce qui se fait mondialement\u00a0\u00bb.<\/p>\n<p>L&rsquo;expert international Nguyen Cong Tot devrait diriger, demain vendredi, un stage de formation d&rsquo;arbitres au centre de Tixeraine (Alger) sachant que l&rsquo;Alg\u00e9rie \u00ab\u00a0manque d&rsquo;arbitres internationaux\u00a0\u00bb, a expliqu\u00e9 le pr\u00e9sident de la F\u00e9d\u00e9ration alg\u00e9rienne qui assume cette responsabilit\u00e9 depuis son \u00e9lection en f\u00e9vrier 2017.\u00a0<\/p>\n<p>L&rsquo;instance f\u00e9d\u00e9rale ambitionne de pr\u00e9parer \u00ab\u00a0une \u00e9lite d&rsquo;athl\u00e8tes de haut niveau, \u00e0 m\u00eame d&rsquo;honorer les couleurs nationales\u00a0\u00bb au championnat du monde pr\u00e9vu du 30 mai au 4 juin \u00e0 Marseille.\u00a0\u00a0\u00a0\u00a0\u00a0\u00a0\u00a0<\/p>\n<p>Le pr\u00e9sident de la F\u00e9d\u00e9ration alg\u00e9rienne de Vo Vietnam a effectu\u00e9, l&rsquo;\u00e9t\u00e9 dernier, une visite de travail au Vietnam o\u00f9 il s&rsquo;est entretenu avec des responsables du minist\u00e8re du Sport de ce pays, tout comme il a rencontr\u00e9 le pr\u00e9sident de la F\u00e9d\u00e9ration mondiale des sports traditionnels vietnamiens\u00a0 et le Directeur des sports au minist\u00e8re du Sport avec lequel il examin\u00e9 plusieurs dossiers.\u00a0\u00a0<\/p>\n<p>Le Vo Vietnam, cr\u00e9\u00e9 en 1957 par le Ma\u00eetre vietnamien Nguyen \u00a0Duc Moc, a \u00e9t\u00e9 introduit en Alg\u00e9rie en 1973 par le Ma\u00eetre alg\u00e9rien Abdelmalek Ait Larbi.<\/p>\n<p>\u00a0<\/p>\n<p><strong>\u00a0<\/strong><\/p>\n<p><strong>\u00a0<\/strong><\/p>\n<p><strong>\u00a0<\/strong><\/p>\n<p><strong>\u00a0<\/strong><\/p>\n<p><strong>\u00a0<\/strong><\/p>\n<p><strong>\u00a0<\/strong><\/p>\n<p><strong>\u00a0<\/strong><\/p>\n<p><strong>\u00a0<\/strong><\/p>\n<\/div>\n<p><img loading=\"lazy\" decoding=\"async\" src=\"http:\/\/feeds.feedburner.com\/~r\/aps-sport\/~4\/b9n8Tvn_gLk\" height=\"1\" width=\"1\" alt=\"\"><\/div>\n<p>Auteur:<br \/>\n<a href=\"http:\/\/www.aps.dz\/sport\/85939-vo-vietnam-les-questions-des-grades-et-de-l-arbitrage-evoquees-avec-un-expert-de-la-federation-internationale?utm_source=feedburner&#038;utm_medium=feed&#038;utm_campaign=Feed%3A+aps-sport+%28APS+-+SPORT%29\">Cliquez ici pour lire l&rsquo;article depuis sa source.<\/a><\/p>\n","protected":false},"excerpt":{"rendered":"<p>ALGER- Des responsables de la F\u00e9d\u00e9ration alg\u00e9rienne de Vo Vietnam tiendront demain vendredi \u00e0 Alger une r\u00e9union technique avec le vice-pr\u00e9sident de la F\u00e9d\u00e9ration internationale de la discipline Nguyen Cong Tot, pour \u00e9voquer diverses questions li\u00e9es \u00e0 cet martial, notamment\u00a0\u00ab\u00a0L&rsquo;\u00e9quivalence pour les grades\u00a0\u00bb obtenus en Alg\u00e9rie et l&rsquo;\u00e9l\u00e9vation du niveau des arbitres suivant les normes [&hellip;]<\/p>\n","protected":false},"author":1790,"featured_media":16379,"comment_status":"closed","ping_status":"closed","sticky":false,"template":"","format":"standard","meta":{"fifu_image_url":"","fifu_image_alt":"","footnotes":""},"categories":[53,75],"tags":[],"class_list":["post-16375","post","type-post","status-publish","format-standard","has-post-thumbnail","hentry","category-algerie","category-sport"],"_links":{"self":[{"href":"https:\/\/linitiative.ca\/International\/wp-json\/wp\/v2\/posts\/16375","targetHints":{"allow":["GET"]}}],"collection":[{"href":"https:\/\/linitiative.ca\/International\/wp-json\/wp\/v2\/posts"}],"about":[{"href":"https:\/\/linitiative.ca\/International\/wp-json\/wp\/v2\/types\/post"}],"author":[{"embeddable":true,"href":"https:\/\/linitiative.ca\/International\/wp-json\/wp\/v2\/users\/1790"}],"replies":[{"embeddable":true,"href":"https:\/\/linitiative.ca\/International\/wp-json\/wp\/v2\/comments?post=16375"}],"version-history":[{"count":0,"href":"https:\/\/linitiative.ca\/International\/wp-json\/wp\/v2\/posts\/16375\/revisions"}],"wp:featuredmedia":[{"embeddable":true,"href":"https:\/\/linitiative.ca\/International\/wp-json\/"}],"wp:attachment":[{"href":"https:\/\/linitiative.ca\/International\/wp-json\/wp\/v2\/media?parent=16375"}],"wp:term":[{"taxonomy":"category","embeddable":true,"href":"https:\/\/linitiative.ca\/International\/wp-json\/wp\/v2\/categories?post=16375"},{"taxonomy":"post_tag","embeddable":true,"href":"https:\/\/linitiative.ca\/International\/wp-json\/wp\/v2\/tags?post=16375"}],"curies":[{"name":"wp","href":"https:\/\/api.w.org\/{rel}","templated":true}]}}