{"id":16395,"date":"2019-02-22T06:30:00","date_gmt":"2019-02-22T11:30:00","guid":{"rendered":"https:\/\/linitiative.ca\/International\/brexit-theresa-may-de-nouveau-a-bruxelles\/"},"modified":"2019-02-22T06:30:00","modified_gmt":"2019-02-22T11:30:00","slug":"brexit-theresa-may-de-nouveau-a-bruxelles","status":"publish","type":"post","link":"https:\/\/linitiative.ca\/International\/brexit-theresa-may-de-nouveau-a-bruxelles\/","title":{"rendered":"Brexit: Theresa May de nouveau \u00e0 Bruxelles"},"content":{"rendered":"<div readability=\"34\">\n<p>D\u00e9missions en s\u00e9rie chez les conservateurs<\/p>\n<p>Ce qui ouvre la voie \u00e0 une recomposition politique<\/p>\n<\/div>\n<div readability=\"92.5\">\n<p class=\"rtejustify\">Trois d\u00e9put\u00e9es oppos\u00e9es au Brexit ont quitt\u00e9, mercredi 20 f\u00e9vrier 2019, le Parti conservateur de Theresa May pour rejoindre des \u00e9lus travaillistes. Un geste qui ouvre la voie \u00e0 une recomposition politique.<\/p>\n<p class=\"rtejustify\">Anna Soubry, Heidi Allen et Sarah Wollaston ont annonc\u00e9 leur intention de se rallier au Groupe ind\u00e9pendant au Parlement cr\u00e9\u00e9 lundi dernier par des travaillistes ayant eux-m\u00eames claqu\u00e9 la porte de leur parti. Il compte d\u00e9sormais onze d\u00e9put\u00e9s unanimes dans leur opposition \u00e0 la politique de la Premi\u00e8re ministre sur la sortie de l&rsquo;UE du Royaume-Uni.<\/p>\n<p class=\"rtejustify\">\u00abLe Brexit a red\u00e9fini le Parti conservateur &#8211; annulant tous les efforts d\u00e9ploy\u00e9s pour le moderniser\u00bb, \u00e9crivent les trois d\u00e9put\u00e9es dans leur lettre de d\u00e9mission, estimant que leur formation a \u00ababandonn\u00e9 (ses) principes et (ses) valeurs\u00bb. Toutes trois sont favorables \u00e0 un nouveau r\u00e9f\u00e9rendum et s&rsquo;\u00e9taient prononc\u00e9es contre le Brexit \u00e0 celui de 2016.<\/p>\n<p class=\"rtejustify\">Elles d\u00e9noncent le \u00abvirage \u00e0 droite\u00bb op\u00e9r\u00e9 selon elles par le parti, sous l&rsquo;influence conjugu\u00e9e de l&rsquo;European Research Group, un groupe de d\u00e9put\u00e9s eurosceptiques tr\u00e8s influent consid\u00e9r\u00e9 comme un \u00abparti au coeur du parti\u00bb et du DUP, l&rsquo;alli\u00e9 nord-irlandais archi-conservateur, avec lequel les Tories ont sign\u00e9 un accord d&rsquo;alliance pour garantir au gouvernement la majorit\u00e9 absolue \u00e0 la Chambre des Communes.<\/p>\n<p class=\"rtejustify\">\u00abLe coup de gr\u00e2ce a \u00e9t\u00e9 la gestion d\u00e9sastreuse du Brexit par ce gouvernement\u00bb, ajoutent-elles, regrettant l&rsquo;absence d&rsquo;efforts pour b\u00e2tir un consensus d\u00e9passant les contingences partisanes. Sur Twitter, la Premi\u00e8re ministre britannique, Theresa May s&rsquo;est dite \u00abattrist\u00e9e par la d\u00e9cision de ces trois \u00e9lues, qu&rsquo;elle a remerci\u00e9es pour leur d\u00e9vouement au service du parti depuis de nombreuses ann\u00e9es&#8230; \u00bb. E<\/p>\n<p class=\"rtejustify\">lle a soulign\u00e9 que le Brexit avait \u00e9t\u00e9 \u00abune source de d\u00e9saccords aussi bien au sein du parti que dans le pays, tout en rappelant sa d\u00e9termination \u00e0 mener \u00e0 bien le divorce d&rsquo;avec l&rsquo;UE\u2026\u00bb. Le rapport de force au Parlement (o\u00f9 la majorit\u00e9 ne dispose plus d\u00e9sormais que de huit voix d&rsquo;avance sur l&rsquo;opposition, en comptant l&rsquo;apport des 10 d\u00e9put\u00e9s du DUP) met davantage May \u00e0 la merci de revers parlementaires sur le Brexit.<\/p>\n<p class=\"rtejustify\">Ces d\u00e9fections fragilisent encore un peu plus Theresa May au moment o\u00f9 elle tente d&rsquo;obtenir des dirigeants europ\u00e9ens des modifications dans l&rsquo;accord sur le Brexit, rejet\u00e9 par le Parlement britannique en janvier. Ce qu&rsquo;ils ont pour l&rsquo;instant fermement refus\u00e9. Elle devait s\u2019entretenir, hier dans l\u2019apr\u00e8s-midi \u00e0 Bruxelles avec le pr\u00e9sident de la Commission europ\u00e9enne, Jean-Claude Juncker, \u00abpour faire le point\u00bb.<\/p>\n<blockquote readability=\"20\">\n<p class=\"rtecenter\"><strong><span class=\"c2\">L\u2019AEM perd une bataille judiciaire<\/span><\/strong><\/p>\n<p class=\"rtejustify\">L&rsquo;Agence europ\u00e9enne du m\u00e9dicament (AEM) a perdu, mercredi 20 f\u00e9vrier 2019, une bataille judiciaire sur la possibilit\u00e9 de r\u00e9silier son bail afin de quitter Londres dans le cadre du Brexit. La Haute Cour de Justice a donn\u00e9 raison \u00e0 Canary Wharf Group, groupe immobilier partiellement d\u00e9tenu par le fonds souverain qatari (QIA), qui poss\u00e8de le quartier financier londonien de Canary Wharf, o\u00f9 l&rsquo;AEM a son si\u00e8ge. Ce groupe immobilier, qui avait lanc\u00e9 l&rsquo;action en justice en juin 2018, contestait la possibilit\u00e9 pour l\u2019agence de r\u00e9silier son bail afin de d\u00e9m\u00e9nager de Londres vers Amsterdam en raison de la sortie du Royaume-Uni de l&rsquo;UE. L&rsquo;Agence, bas\u00e9e \u00e0 Londres depuis 1995, soutenait que le Brexit lui permettait de mettre pr\u00e9matur\u00e9ment fin \u00e0 son bail, cens\u00e9 courir jusqu&rsquo;en 2039 pour une valeur totale de 500 millions de livres (575 millions d&rsquo;euros). Elle faisait appel \u00e0 une doctrine juridique britannique selon laquelle un \u00e9v\u00e9nement inattendu est de nature \u00e0 modifier fondamentalement les conditions d&rsquo;ex\u00e9cution d&rsquo;un contrat.<\/p>\n<\/blockquote>\n<p class=\"rtejustify\"><em>F. Z. T. avec agences<\/em><\/p>\n<\/div>\n<p>Auteur: hlafriqi<br \/>\n<a href=\"https:\/\/www.leconomiste.com\/article\/1041158-brexit-theresa-may-de-nouveau-bruxelles\">Cliquez ici pour lire l&rsquo;article depuis sa source.<\/a><\/p>\n","protected":false},"excerpt":{"rendered":"<p>D\u00e9missions en s\u00e9rie chez les conservateurs Ce qui ouvre la voie \u00e0 une recomposition politique Trois d\u00e9put\u00e9es oppos\u00e9es au Brexit ont quitt\u00e9, mercredi 20 f\u00e9vrier 2019, le Parti conservateur de Theresa May pour rejoindre des \u00e9lus travaillistes. Un geste qui ouvre la voie \u00e0 une recomposition politique. Anna Soubry, Heidi Allen et Sarah Wollaston ont [&hellip;]<\/p>\n","protected":false},"author":1763,"featured_media":0,"comment_status":"closed","ping_status":"closed","sticky":false,"template":"","format":"standard","meta":{"fifu_image_url":"","fifu_image_alt":"","footnotes":""},"categories":[78,54],"tags":[],"class_list":["post-16395","post","type-post","status-publish","format-standard","hentry","category-economie","category-maroc"],"_links":{"self":[{"href":"https:\/\/linitiative.ca\/International\/wp-json\/wp\/v2\/posts\/16395","targetHints":{"allow":["GET"]}}],"collection":[{"href":"https:\/\/linitiative.ca\/International\/wp-json\/wp\/v2\/posts"}],"about":[{"href":"https:\/\/linitiative.ca\/International\/wp-json\/wp\/v2\/types\/post"}],"author":[{"embeddable":true,"href":"https:\/\/linitiative.ca\/International\/wp-json\/wp\/v2\/users\/1763"}],"replies":[{"embeddable":true,"href":"https:\/\/linitiative.ca\/International\/wp-json\/wp\/v2\/comments?post=16395"}],"version-history":[{"count":0,"href":"https:\/\/linitiative.ca\/International\/wp-json\/wp\/v2\/posts\/16395\/revisions"}],"wp:attachment":[{"href":"https:\/\/linitiative.ca\/International\/wp-json\/wp\/v2\/media?parent=16395"}],"wp:term":[{"taxonomy":"category","embeddable":true,"href":"https:\/\/linitiative.ca\/International\/wp-json\/wp\/v2\/categories?post=16395"},{"taxonomy":"post_tag","embeddable":true,"href":"https:\/\/linitiative.ca\/International\/wp-json\/wp\/v2\/tags?post=16395"}],"curies":[{"name":"wp","href":"https:\/\/api.w.org\/{rel}","templated":true}]}}