{"id":16444,"date":"2019-02-22T06:45:00","date_gmt":"2019-02-22T11:45:00","guid":{"rendered":"https:\/\/linitiative.ca\/International\/breves-internationales\/"},"modified":"2019-02-22T06:45:00","modified_gmt":"2019-02-22T11:45:00","slug":"breves-internationales","status":"publish","type":"post","link":"https:\/\/linitiative.ca\/International\/breves-internationales\/","title":{"rendered":"Br\u00e8ves Internationales"},"content":{"rendered":"<p class=\"rtejustify\"><strong>\u25a0 Fraude fiscale: Amende record pour UBS<\/strong><br \/>Jug\u00e9 pour \u00abd\u00e9marchage bancaire ill\u00e9gal\u00bb et \u00abblanchiment aggrav\u00e9 de fraude fiscale\u00bb, le g\u00e9ant bancaire suisse UBS, a \u00e9t\u00e9 condamn\u00e9 mercredi 20 f\u00e9vrier 2019, par le tribunal correctionnel de Paris \u00e0 une amende de 3,7 milliards d&rsquo;euros. Il s\u2019agit de la plus lourde peine jamais inflig\u00e9e par la justice fran\u00e7aise dans une affaire d&rsquo;\u00e9vasion fiscale. La justice a sanctionn\u00e9 des fautes qui \u00abtrouvent leur source dans une organisation structur\u00e9e, syst\u00e9mique et ancienne\u00bb, a expliqu\u00e9 la pr\u00e9sidente Christine M\u00e9e \u00e0 l&rsquo;audience cit\u00e9e par l\u2019agence AFP. Les avocats de la premi\u00e8re banque priv\u00e9e au monde ont imm\u00e9diatement annonc\u00e9 leur intention de faire appel.<br \/>La filiale fran\u00e7aise du groupe suisse, UBS France, a \u00e9t\u00e9 condamn\u00e9e, pour complicit\u00e9 des m\u00eames faits, \u00e0 une amende de 15 millions d&rsquo;euros. Le tribunal a suivi les r\u00e9quisitions du parquet national financier, condamnant une faute d&rsquo;une \u00abexceptionnelle gravit\u00e9\u00bb. Le tribunal a condamn\u00e9 solidairement la banque suisse UBS AG, sa filiale fran\u00e7aise et trois de ses anciens cadres \u00e0 payer 800.000 euros de dommages et int\u00e9r\u00eats \u00e0 l&rsquo;Etat fran\u00e7ais, partie civile.<br \/>Cinq des six anciens cadres de la banque jug\u00e9s se sont vus infliger des peines de prison avec sursis et des amendes allant jusqu&rsquo;\u00e0 300.000 euros. Seul Raoul Weil, l&rsquo;ex-num\u00e9ro 3 d&rsquo;UBS AG, a \u00e9t\u00e9 relax\u00e9, du fait de sa position dans l&rsquo;entreprise, pas directement en prise avec la gestion du march\u00e9 fran\u00e7ais dans la banque.<\/p>\n<p class=\"rtejustify\"><strong>\u25a0 Facebook: \u00abGangster num\u00e9rique\u00bb, selon les d\u00e9put\u00e9s britanniques<\/strong><br \/>\u00abLes entreprises comme Facebook ne devraient pas \u00eatre autoris\u00e9es \u00e0 se comporter comme des gangsters num\u00e9riques dans le monde en ligne, en se consid\u00e9rant au-dessus des lois\u00bb, a conclu lundi 18 f\u00e9vrier la Commission britannique sur le num\u00e9rique, la culture, les m\u00e9dias et le sport de la Chambre des communes (DCMS) dans un rapport. Les d\u00e9put\u00e9s britanniques viennent de rendre public ce rapport, fruit d\u2019une enqu\u00eate men\u00e9e durant 18 mois sur les r\u00e9seaux sociaux. Cette commission a enqu\u00eat\u00e9 sur le ph\u00e9nom\u00e8ne des \u00abfake news\u00bb et son impact sur les r\u00e9cents scrutins au Royaume-Uni, dont le r\u00e9f\u00e9rendum sur le Brexit en juin 2016, s&rsquo;attardant principalement sur les pratiques de Facebook.<br \/>Pour lutter contre les \u00abcontenus pr\u00e9judiciables\u00bb ou \u00abfake\u00bb et prot\u00e9ger les donn\u00e9es personnelles des utilisateurs, le rapport d&rsquo;une centaine de pages recommande l&rsquo;instauration d&rsquo;un \u00abcode de d\u00e9ontologie contraignant\u00bb, dont le respect serait assur\u00e9 par un r\u00e9gulateur ind\u00e9pendant, habilit\u00e9 \u00e0 d\u00e9clencher des poursuites judiciaires et \u00e0 infliger de lourdes amendes.<\/p>\n<p class=\"rtejustify\">\u00a0<\/p>\n<p>Auteur: hlafriqi<br \/>\n<a href=\"https:\/\/www.leconomiste.com\/article\/1041146-breves-internationales\">Cliquez ici pour lire l&rsquo;article depuis sa source.<\/a><\/p>\n","protected":false},"excerpt":{"rendered":"<p>\u25a0 Fraude fiscale: Amende record pour UBSJug\u00e9 pour \u00abd\u00e9marchage bancaire ill\u00e9gal\u00bb et \u00abblanchiment aggrav\u00e9 de fraude fiscale\u00bb, le g\u00e9ant bancaire suisse UBS, a \u00e9t\u00e9 condamn\u00e9 mercredi 20 f\u00e9vrier 2019, par le tribunal correctionnel de Paris \u00e0 une amende de 3,7 milliards d&rsquo;euros. Il s\u2019agit de la plus lourde peine jamais inflig\u00e9e par la justice fran\u00e7aise [&hellip;]<\/p>\n","protected":false},"author":1763,"featured_media":0,"comment_status":"closed","ping_status":"closed","sticky":false,"template":"","format":"standard","meta":{"fifu_image_url":"","fifu_image_alt":"","footnotes":""},"categories":[78,54],"tags":[],"class_list":["post-16444","post","type-post","status-publish","format-standard","hentry","category-economie","category-maroc"],"_links":{"self":[{"href":"https:\/\/linitiative.ca\/International\/wp-json\/wp\/v2\/posts\/16444","targetHints":{"allow":["GET"]}}],"collection":[{"href":"https:\/\/linitiative.ca\/International\/wp-json\/wp\/v2\/posts"}],"about":[{"href":"https:\/\/linitiative.ca\/International\/wp-json\/wp\/v2\/types\/post"}],"author":[{"embeddable":true,"href":"https:\/\/linitiative.ca\/International\/wp-json\/wp\/v2\/users\/1763"}],"replies":[{"embeddable":true,"href":"https:\/\/linitiative.ca\/International\/wp-json\/wp\/v2\/comments?post=16444"}],"version-history":[{"count":0,"href":"https:\/\/linitiative.ca\/International\/wp-json\/wp\/v2\/posts\/16444\/revisions"}],"wp:attachment":[{"href":"https:\/\/linitiative.ca\/International\/wp-json\/wp\/v2\/media?parent=16444"}],"wp:term":[{"taxonomy":"category","embeddable":true,"href":"https:\/\/linitiative.ca\/International\/wp-json\/wp\/v2\/categories?post=16444"},{"taxonomy":"post_tag","embeddable":true,"href":"https:\/\/linitiative.ca\/International\/wp-json\/wp\/v2\/tags?post=16444"}],"curies":[{"name":"wp","href":"https:\/\/api.w.org\/{rel}","templated":true}]}}