{"id":16526,"date":"2019-02-22T11:50:55","date_gmt":"2019-02-22T16:50:55","guid":{"rendered":"https:\/\/linitiative.ca\/International\/il-fait-lactu-alain-pilloux-vice-president-de-la-berd\/"},"modified":"2019-02-22T11:50:55","modified_gmt":"2019-02-22T16:50:55","slug":"il-fait-lactu-alain-pilloux-vice-president-de-la-berd","status":"publish","type":"post","link":"https:\/\/linitiative.ca\/International\/il-fait-lactu-alain-pilloux-vice-president-de-la-berd\/","title":{"rendered":"Il fait l\u2019actu : Alain Pilloux, vice-pr\u00e9sident de la BERD"},"content":{"rendered":"<p class=\"c10\">Alain Pilloux, vice-pr\u00e9sident de la <strong>BERD<\/strong> (Banque europ\u00e9enne pour la Reconstruction et le D\u00e9veloppement), en charge des Op\u00e9rations bancaires, sera en visite officielle au Maroc du\u00a025 au 27\u00a0f\u00e9vrier 2019. L\u2019objectif de ce d\u00e9placement est de rencontrer des repr\u00e9sentants du gouvernement et d\u2019entreprises en vue de discuter de plusieurs sujets visant \u00e0 <strong>booster la coop\u00e9ration<\/strong> entre l\u2019institution financi\u00e8re et le Royaume.<\/p>\n<div class=\"c11\"\/>\n<p class=\"c10\">La BERD souligne que cette visite d\u2019Alain Pilloux confirme la volont\u00e9 de la banque de d\u00e9velopper et de stimuler le potentiel \u00e9conomique du Maroc par des projets d\u2019<strong>investissement<\/strong> et un engagement sur les politiques \u00e0 mettre en \u0153uvre.<\/p>\n<p class=\"c10\">\u00ab\u00a0Cette visite d\u00e9montrera notre soutien persistant \u00e0 l\u2019\u00e9conomie marocaine, par un dialogue continuel avec les autorit\u00e9s, par des investissements dans des projets publics, le secteur priv\u00e9 et la finance, et par la prestation de conseils aux petites entreprises. Nous avons l\u2019intention de rester \u00e0 long terme un partenaire fondamental des parties prenantes publiques et priv\u00e9es et de contribuer \u00e0 une croissance inclusive et durable permettant de promouvoir la cr\u00e9ation d\u2019emplois, une <strong>\u00e9conomie verte<\/strong> et une meilleure int\u00e9gration r\u00e9gionale. Je me r\u00e9jouis \u00e0 l\u2019id\u00e9e de discuter des moyens d\u2019instaurer une coop\u00e9ration plus \u00e9troite et efficace\u00a0\u00bb, assure <strong>Alain Pilloux<\/strong>.<\/p>\n<p class=\"c10\">Accompagn\u00e9 de Marie-Alexandra Veilleux-Laborie, directrice de la BERD pour le Maroc, le vice-pr\u00e9sident de la BERD rencontrera notamment le chef du gouvernement Saad-Eddine Othmani, et aussi quelques membres de son \u00e9quipes gouvernementale tels que\u00a0Mohamed Benchaaboun, ministre de l\u2019\u00c9conomie et des Finances, et gouverneur de la BERD, et aussi Aziz Rabbah, ministre de l\u2019\u00c9nergie. Il rencontrera \u00e9galement un certain nombre de dirigeants d\u2019entreprises et de d\u00e9cisionnaires.<\/p>\n<p class=\"c10\">Rappelons que le Maroc, membre fondateur de la BERD, est devenu un pays d\u2019op\u00e9rations de la Banque depuis 2012 et qu\u2019\u00e0 ce jour, la Banque y a investi plus de 1,7\u00a0milliard d\u2019euros r\u00e9parti sur 50\u00a0projets. De m\u00eame, la BERD a \u00e9galement soutenu plus de 550 PME marocaines en fournissant des services de conseil aux entreprises.<\/p>\n<div class=\"c18\">\n<fieldset class=\"c17\">\n<legend><strong><span class=\"c12\">Challenge<\/span><span class=\"c13\">news<\/span><\/strong><\/legend>\n<div class=\"c16\">Le meilleur de la r\u00e9daction s\u00e9lectionn\u00e9 par Challenge :<\/p>\n<\/div>\n<\/fieldset>\n<\/div>\n<p>Auteur: Roland Amoussou<br \/>\n<a href=\"https:\/\/www.challenge.ma\/il-fait-lactu-alain-pilloux-vice-president-de-la-berd-105239\/\">Cliquez ici pour lire l&rsquo;article depuis sa source.<\/a><\/p>\n","protected":false},"excerpt":{"rendered":"<p>Alain Pilloux, vice-pr\u00e9sident de la BERD (Banque europ\u00e9enne pour la Reconstruction et le D\u00e9veloppement), en charge des Op\u00e9rations bancaires, sera en visite officielle au Maroc du\u00a025 au 27\u00a0f\u00e9vrier 2019. L\u2019objectif de ce d\u00e9placement est de rencontrer des repr\u00e9sentants du gouvernement et d\u2019entreprises en vue de discuter de plusieurs sujets visant \u00e0 booster la coop\u00e9ration entre [&hellip;]<\/p>\n","protected":false},"author":1787,"featured_media":0,"comment_status":"closed","ping_status":"closed","sticky":false,"template":"","format":"standard","meta":{"fifu_image_url":"","fifu_image_alt":"","footnotes":""},"categories":[78,54],"tags":[],"class_list":["post-16526","post","type-post","status-publish","format-standard","hentry","category-economie","category-maroc"],"_links":{"self":[{"href":"https:\/\/linitiative.ca\/International\/wp-json\/wp\/v2\/posts\/16526","targetHints":{"allow":["GET"]}}],"collection":[{"href":"https:\/\/linitiative.ca\/International\/wp-json\/wp\/v2\/posts"}],"about":[{"href":"https:\/\/linitiative.ca\/International\/wp-json\/wp\/v2\/types\/post"}],"author":[{"embeddable":true,"href":"https:\/\/linitiative.ca\/International\/wp-json\/wp\/v2\/users\/1787"}],"replies":[{"embeddable":true,"href":"https:\/\/linitiative.ca\/International\/wp-json\/wp\/v2\/comments?post=16526"}],"version-history":[{"count":0,"href":"https:\/\/linitiative.ca\/International\/wp-json\/wp\/v2\/posts\/16526\/revisions"}],"wp:attachment":[{"href":"https:\/\/linitiative.ca\/International\/wp-json\/wp\/v2\/media?parent=16526"}],"wp:term":[{"taxonomy":"category","embeddable":true,"href":"https:\/\/linitiative.ca\/International\/wp-json\/wp\/v2\/categories?post=16526"},{"taxonomy":"post_tag","embeddable":true,"href":"https:\/\/linitiative.ca\/International\/wp-json\/wp\/v2\/tags?post=16526"}],"curies":[{"name":"wp","href":"https:\/\/api.w.org\/{rel}","templated":true}]}}