{"id":16564,"date":"2019-02-22T13:06:00","date_gmt":"2019-02-22T18:06:00","guid":{"rendered":"https:\/\/linitiative.ca\/International\/sidi-bel-abbes-les-exclus-de-la-liste-des-328-lsl-ferment-la-r-n-7\/"},"modified":"2019-02-22T13:06:00","modified_gmt":"2019-02-22T18:06:00","slug":"sidi-bel-abbes-les-exclus-de-la-liste-des-328-lsl-ferment-la-r-n-7","status":"publish","type":"post","link":"https:\/\/linitiative.ca\/International\/sidi-bel-abbes-les-exclus-de-la-liste-des-328-lsl-ferment-la-r-n-7\/","title":{"rendered":"SIDI BEL ABBES : Les exclus de la liste  des 328 LSL ferment  la R.N 7"},"content":{"rendered":"<p><br id=\"sep_para_1\" class=\"sep_para access\"\/><\/p>\n<div id=\"para_1\" class=\"para_29363428 resize\">\n<div class=\"texte access firstletter\">\u00a0Des dizaines d&rsquo;exclus de la liste des b\u00e9n\u00e9ficiaires des 328 logements sociaux locatifs\u00a0 dans la ville banlieusarde de Sidi Lahcene, se sont rassembl\u00e9s,\u00a0 mercredi 20 F\u00e9vrier 2019 en matin\u00e9e, sur le tron\u00e7on routier de la R.N 7 reliant\u00a0 Sidi Bel Abb\u00e8s \u00e0 Tlemcen et l&rsquo;ont ferm\u00e9 \u00e0 la circulation automobile, au moyen de pneus brul\u00e9s, pierres et autres objets h\u00e9t\u00e9roclites, en signe de m\u00e9contentement et de contestation. Ils ont ensuite rejoint les si\u00e8ges de l&rsquo;A.P.C et de la Da\u00efra devant lesquels ils ont observ\u00e9 un sit-in et exig\u00e9 l\u2019annulation pure et simple de la liste jug\u00e9e entach\u00e9e d&rsquo;irr\u00e9gularit\u00e9s, en\u00a0 pointant\u00a0 du doigt, tant\u00f4t les responsables de l\u2019APC, tant\u00f4t\u00a0 ceux de la da\u00efra accus\u00e9s de tous les sentiments de\u00a0 favoritisme aux d\u00e9pens des d\u00e9munis. Le si\u00e8ge de la da\u00efra a d&rsquo;ailleurs \u00e9t\u00e9\u00a0 cibl\u00e9 par des cailloux et\u00a0 les vitres saccag\u00e9es\u00a0 par un groupe de manifestants d\u00e9cha\u00een\u00e9s. Un dispositif s\u00e9curitaire impressionnant compos\u00e9 d\u2019\u00e9l\u00e9ments de la police et de la gendarmerie nationale a \u00e9t\u00e9 mis en place afin de ma\u00eetriser la situation et emp\u00eacher tout d\u00e9bordement de la protesta citoyenne.\u00a0 Les protestataires ont\u00a0 \u00e9t\u00e9 appel\u00e9s \u00e0\u00a0 plusieurs reprises, \u00e0 revenir \u00e0 la raison et lib\u00e9rer la route aux usagers mais en vain, ces derniers \u00e9prouvaient toutes les peines du monde pour rebrousser\u00a0 chemin.\u00a0\u00a0\u00a0\u00a0\u00a0\u00a0<\/div>\n<\/div>\n<p>Auteur: M.Noui<br \/>\n<a href=\"https:\/\/www.reflexiondz.net\/SIDI-BEL-ABBES-Les-exclus-de-la-liste-des-328-LSL-ferment-la-R-N-7_a54619.html\">Cliquez ici pour lire l&rsquo;article depuis sa source.<\/a><\/p>\n","protected":false},"excerpt":{"rendered":"<p>\u00a0Des dizaines d&rsquo;exclus de la liste des b\u00e9n\u00e9ficiaires des 328 logements sociaux locatifs\u00a0 dans la ville banlieusarde de Sidi Lahcene, se sont rassembl\u00e9s,\u00a0 mercredi 20 F\u00e9vrier 2019 en matin\u00e9e, sur le tron\u00e7on routier de la R.N 7 reliant\u00a0 Sidi Bel Abb\u00e8s \u00e0 Tlemcen et l&rsquo;ont ferm\u00e9 \u00e0 la circulation automobile, au moyen de pneus brul\u00e9s, [&hellip;]<\/p>\n","protected":false},"author":1740,"featured_media":0,"comment_status":"closed","ping_status":"closed","sticky":false,"template":"","format":"standard","meta":{"fifu_image_url":"","fifu_image_alt":"","footnotes":""},"categories":[53,76],"tags":[],"class_list":["post-16564","post","type-post","status-publish","format-standard","hentry","category-algerie","category-regions"],"_links":{"self":[{"href":"https:\/\/linitiative.ca\/International\/wp-json\/wp\/v2\/posts\/16564","targetHints":{"allow":["GET"]}}],"collection":[{"href":"https:\/\/linitiative.ca\/International\/wp-json\/wp\/v2\/posts"}],"about":[{"href":"https:\/\/linitiative.ca\/International\/wp-json\/wp\/v2\/types\/post"}],"author":[{"embeddable":true,"href":"https:\/\/linitiative.ca\/International\/wp-json\/wp\/v2\/users\/1740"}],"replies":[{"embeddable":true,"href":"https:\/\/linitiative.ca\/International\/wp-json\/wp\/v2\/comments?post=16564"}],"version-history":[{"count":0,"href":"https:\/\/linitiative.ca\/International\/wp-json\/wp\/v2\/posts\/16564\/revisions"}],"wp:attachment":[{"href":"https:\/\/linitiative.ca\/International\/wp-json\/wp\/v2\/media?parent=16564"}],"wp:term":[{"taxonomy":"category","embeddable":true,"href":"https:\/\/linitiative.ca\/International\/wp-json\/wp\/v2\/categories?post=16564"},{"taxonomy":"post_tag","embeddable":true,"href":"https:\/\/linitiative.ca\/International\/wp-json\/wp\/v2\/tags?post=16564"}],"curies":[{"name":"wp","href":"https:\/\/api.w.org\/{rel}","templated":true}]}}