{"id":16592,"date":"2019-02-22T15:14:29","date_gmt":"2019-02-22T20:14:29","guid":{"rendered":"https:\/\/linitiative.ca\/International\/international-real-neymar-responsable-du-depart-de-ronaldo\/"},"modified":"2019-02-22T15:14:29","modified_gmt":"2019-02-22T20:14:29","slug":"international-real-neymar-responsable-du-depart-de-ronaldo","status":"publish","type":"post","link":"https:\/\/linitiative.ca\/International\/international-real-neymar-responsable-du-depart-de-ronaldo\/","title":{"rendered":"International : Real : Neymar responsable du d\u00e9part de Ronaldo ?"},"content":{"rendered":"<div readability=\"32\">\n<p>Auteur : <span class=\"time\">vendredi 22 f\u00e9vrier 2019 20:14<\/span><\/p>\n<\/div>\n<div id=\"post_core\" readability=\"52\">\n<p>Ramon Calderon, ancien pr\u00e9sident du Real Madrid, estime que le d\u00e9part de CR7 trouverait notamment son origine dans la volont\u00e9 du Real Madrid d&rsquo;attirer Neymar dans la capitale espagnole :<\/p>\n<p>\u00ab\u00a0Cristiano a demand\u00e9 une augmentation, apr\u00e8s avoir gagn\u00e9 la Ligue des champions, mais Florentino l&rsquo;a refus\u00e9e. Cristiano s&rsquo;est aussi mis en col\u00e8re parce que Madrid \u00e9tait pr\u00eat \u00e0 d\u00e9penser de grosses sommes pour faire venir Neymar\u00a0\u00bb, a-t-il ainsi confi\u00e9 dans un entretien accord\u00e9 \u00e0 Radio Villa Trinidad.<\/p>\n<p>Selon lui, les rumeurs insistantes d\u2019une \u00e9ventuelle arriv\u00e9e \u00e0 Madrid de la star br\u00e9silienne du PSG auraient donc pr\u00e9cipit\u00e9 le d\u00e9part de \u00ab\u00a0CR7\u00a0\u00bb. Tout comme le d\u00e9part de Zidane.\u00a0\u00ab\u00a0Il est clair que Zidane a demand\u00e9 \u00e0 Perez quelque chose qui ne lui a pas \u00e9t\u00e9 accord\u00e9. L&rsquo;une d&rsquo;entre elles \u00e9tait que Cristiano Ronaldo ne parte jamais\u00a0\u00bb, a \u00e9galement l\u00e2ch\u00e9 Calderon tel que le rapporte Football.<\/p>\n<p><strong>Publi\u00e9 dans :<\/strong> <span>real madrid<\/span><\/p>\n<\/div>\n<p>Auteur:<br \/>\n<a href=\"http:\/\/www.lebuteur.com\/article\/detail?titre=real-neymar-responsable-du-depart-de-ronaldo&#038;id=86605&#038;utm_source=feedburner&#038;utm_medium=feed&#038;utm_campaign=Feed%3A+GalerieFArtciles+%28Les+derniers+articles++-+lebuteur.com%29\">Cliquez ici pour lire l&rsquo;article depuis sa source.<\/a><\/p>\n","protected":false},"excerpt":{"rendered":"<p>Auteur : vendredi 22 f\u00e9vrier 2019 20:14 Ramon Calderon, ancien pr\u00e9sident du Real Madrid, estime que le d\u00e9part de CR7 trouverait notamment son origine dans la volont\u00e9 du Real Madrid d&rsquo;attirer Neymar dans la capitale espagnole : \u00ab\u00a0Cristiano a demand\u00e9 une augmentation, apr\u00e8s avoir gagn\u00e9 la Ligue des champions, mais Florentino l&rsquo;a refus\u00e9e. Cristiano s&rsquo;est [&hellip;]<\/p>\n","protected":false},"author":1738,"featured_media":16593,"comment_status":"closed","ping_status":"closed","sticky":false,"template":"","format":"standard","meta":{"fifu_image_url":"","fifu_image_alt":"","footnotes":""},"categories":[53,75],"tags":[],"class_list":["post-16592","post","type-post","status-publish","format-standard","has-post-thumbnail","hentry","category-algerie","category-sport"],"_links":{"self":[{"href":"https:\/\/linitiative.ca\/International\/wp-json\/wp\/v2\/posts\/16592","targetHints":{"allow":["GET"]}}],"collection":[{"href":"https:\/\/linitiative.ca\/International\/wp-json\/wp\/v2\/posts"}],"about":[{"href":"https:\/\/linitiative.ca\/International\/wp-json\/wp\/v2\/types\/post"}],"author":[{"embeddable":true,"href":"https:\/\/linitiative.ca\/International\/wp-json\/wp\/v2\/users\/1738"}],"replies":[{"embeddable":true,"href":"https:\/\/linitiative.ca\/International\/wp-json\/wp\/v2\/comments?post=16592"}],"version-history":[{"count":0,"href":"https:\/\/linitiative.ca\/International\/wp-json\/wp\/v2\/posts\/16592\/revisions"}],"wp:featuredmedia":[{"embeddable":true,"href":"https:\/\/linitiative.ca\/International\/wp-json\/"}],"wp:attachment":[{"href":"https:\/\/linitiative.ca\/International\/wp-json\/wp\/v2\/media?parent=16592"}],"wp:term":[{"taxonomy":"category","embeddable":true,"href":"https:\/\/linitiative.ca\/International\/wp-json\/wp\/v2\/categories?post=16592"},{"taxonomy":"post_tag","embeddable":true,"href":"https:\/\/linitiative.ca\/International\/wp-json\/wp\/v2\/tags?post=16592"}],"curies":[{"name":"wp","href":"https:\/\/api.w.org\/{rel}","templated":true}]}}