{"id":16641,"date":"2019-02-22T16:50:05","date_gmt":"2019-02-22T21:50:05","guid":{"rendered":"https:\/\/linitiative.ca\/International\/philippines-des-ex-rebelles-musulmans-nommes-a-la-tete-dune-region-autonome\/"},"modified":"2019-02-22T16:50:05","modified_gmt":"2019-02-22T21:50:05","slug":"philippines-des-ex-rebelles-musulmans-nommes-a-la-tete-dune-region-autonome","status":"publish","type":"post","link":"https:\/\/linitiative.ca\/International\/philippines-des-ex-rebelles-musulmans-nommes-a-la-tete-dune-region-autonome\/","title":{"rendered":"Philippines: des ex-rebelles musulmans nomm\u00e9s \u00e0 la t\u00eate d\u2019une r\u00e9gion autonome"},"content":{"rendered":"<div readability=\"32\">\n<p>Publi\u00e9 le 22.02.2019 \u00e0 22h50 par AFP<\/p>\n<\/div>\n<div readability=\"90\">\n<p>Les autorit\u00e9s ont remis vendredi les r\u00eanes d\u2019une nouvelle r\u00e9gion autonome dans le sud des Philippines \u00e0 des leaders musulmans qui y ont men\u00e9 une insurrection meurtri\u00e8re pendant des d\u00e9cennies et sont d\u00e9sormais charg\u00e9s d\u2019y assurer la paix et la prosp\u00e9rit\u00e9.<\/p>\n<p>Le pr\u00e9sident Rodrigo Duterte a intronis\u00e9 Murad Ebrahim, le dirigeant de la principale organisation musulmane de ce pays tr\u00e8s majoritairement catholique, aux fonctions de chef du gouvernement local, \u00e0 titre transitoire, au cours d\u2019une c\u00e9r\u00e9monie symbolique \u00e0 Manille.<\/p>\n<p>Les Philippins ont vot\u00e9 en janvier par r\u00e9f\u00e9rendum en faveur de la cr\u00e9ation de cette nouvelle r\u00e9gion autonome nomm\u00e9e Bangsamoro. Des musulmans avaient pris les armes dans les ann\u00e9es 1970 pour demander l\u2019autonomie ou l\u2019ind\u00e9pendance du sud des Philippines qu\u2019ils consid\u00e8rent comme leur terre ancestrale. Cette insurrection a fait 150.000 morts.<\/p>\n<p>Le principal groupe rebelle, le Front Moro islamique de lib\u00e9ration (Milf), avait sign\u00e9 en 2014 un accord de paix avec le gouvernement pr\u00e9voyant d\u2019octroyer l\u2019autonomie \u00e0 la minorit\u00e9 musulmane dans certaines parties de la grande \u00eele de Mindanao et des \u00eeles de l\u2019extr\u00eame sud-ouest.<\/p>\n<p>Le processus de paix, qui a d\u00e9but\u00e9 dans les ann\u00e9es 1990, n\u2019inclut pas toutes les organisations islamistes \u2013 dont celles qui ont pr\u00eat\u00e9 all\u00e9geance au groupe Etat islamique \u2013 encore tr\u00e8s actives dans le sud des Philippines et que le Milf combat aux c\u00f4t\u00e9s des forces gouvernementales.<\/p>\n<p>Rodrigo Duterte et Murad Ebrahim, le chef du Milf, ont tous deux dit esp\u00e9rer que l\u2019accord permettrait de contrer la mont\u00e9e de l\u2019islamisme.<\/p>\n<p><ins data-revive-zoneid=\"9\" data-revive-id=\"10111e19d28d19d031742ee3b0b33eb0\"\/> <\/p>\n<p>\u00ab\u00a0La route vers la paix peut \u00eatre longue et difficile, mais je suis content que nous soyons finalement arriv\u00e9s au bout\u00a0\u00bb, a d\u00e9clar\u00e9 Rodrigo Duterte dans un discours, apr\u00e8s avoir \u00e9galement intronis\u00e9 les autres membres du gouvernement de transition de cette r\u00e9gion. La majorit\u00e9 d\u2019entre eux ont \u00e9t\u00e9 choisis par le Milf.<\/p>\n<p>A New York, le secr\u00e9taire g\u00e9n\u00e9ral de l\u2019ONU, Antonio Guterres, a f\u00e9licit\u00e9 les parties concern\u00e9es. \u00ab\u00a0Il s\u2019agit d\u2019une r\u00e9alisation historique sur la voie d\u2019une paix durable dans le sud des Philippines, ainsi que d\u2019une occasion historique pour tous les Philippins\u00a0\u00bb, a-t-il affirm\u00e9.<\/p>\n<p>Murad Ebrahim et les membres de son gouvernement occuperont leurs fonctions jusqu\u2019\u00e0 l\u2019\u00e9lection d\u2019un parlement r\u00e9gional en mai 2022. Le processus de paix pr\u00e9voit aussi le d\u00e9sarmement progressif des quelque 10.000 combattants arm\u00e9s du Front Moro.<\/p>\n<p>L\u2019entit\u00e9 territoriale baptis\u00e9e Bangsamoro remplace la r\u00e9gion autonome actuelle, qui avait vu le jour \u00e0 la faveur d\u2019un accord sign\u00e9 en 1996. Elle est cens\u00e9e \u00eatre plus grande et avoir davantage de pr\u00e9rogatives.<\/p>\n<\/div>\n<p>Auteur: AFP<br \/>\n<a href=\"https:\/\/www.journalducameroun.com\/philippines-des-ex-rebelles-musulmans-nommes-a-la-tete-dune-region-autonome\/\">Cliquez ici pour lire l&rsquo;article depuis sa source.<\/a><\/p>\n","protected":false},"excerpt":{"rendered":"<p>Publi\u00e9 le 22.02.2019 \u00e0 22h50 par AFP Les autorit\u00e9s ont remis vendredi les r\u00eanes d\u2019une nouvelle r\u00e9gion autonome dans le sud des Philippines \u00e0 des leaders musulmans qui y ont men\u00e9 une insurrection meurtri\u00e8re pendant des d\u00e9cennies et sont d\u00e9sormais charg\u00e9s d\u2019y assurer la paix et la prosp\u00e9rit\u00e9. Le pr\u00e9sident Rodrigo Duterte a intronis\u00e9 Murad [&hellip;]<\/p>\n","protected":false},"author":1965,"featured_media":0,"comment_status":"closed","ping_status":"closed","sticky":false,"template":"","format":"standard","meta":{"fifu_image_url":"","fifu_image_alt":"","footnotes":""},"categories":[73,82],"tags":[],"class_list":["post-16641","post","type-post","status-publish","format-standard","hentry","category-actualite","category-cameroun"],"_links":{"self":[{"href":"https:\/\/linitiative.ca\/International\/wp-json\/wp\/v2\/posts\/16641","targetHints":{"allow":["GET"]}}],"collection":[{"href":"https:\/\/linitiative.ca\/International\/wp-json\/wp\/v2\/posts"}],"about":[{"href":"https:\/\/linitiative.ca\/International\/wp-json\/wp\/v2\/types\/post"}],"author":[{"embeddable":true,"href":"https:\/\/linitiative.ca\/International\/wp-json\/wp\/v2\/users\/1965"}],"replies":[{"embeddable":true,"href":"https:\/\/linitiative.ca\/International\/wp-json\/wp\/v2\/comments?post=16641"}],"version-history":[{"count":0,"href":"https:\/\/linitiative.ca\/International\/wp-json\/wp\/v2\/posts\/16641\/revisions"}],"wp:attachment":[{"href":"https:\/\/linitiative.ca\/International\/wp-json\/wp\/v2\/media?parent=16641"}],"wp:term":[{"taxonomy":"category","embeddable":true,"href":"https:\/\/linitiative.ca\/International\/wp-json\/wp\/v2\/categories?post=16641"},{"taxonomy":"post_tag","embeddable":true,"href":"https:\/\/linitiative.ca\/International\/wp-json\/wp\/v2\/tags?post=16641"}],"curies":[{"name":"wp","href":"https:\/\/api.w.org\/{rel}","templated":true}]}}