{"id":16642,"date":"2019-02-22T16:50:07","date_gmt":"2019-02-22T21:50:07","guid":{"rendered":"https:\/\/linitiative.ca\/International\/trump-accepte-de-laisser-des-militaires-en-syrie-mais-assure-ne-pas-faire-machine-arriere\/"},"modified":"2019-02-22T16:50:07","modified_gmt":"2019-02-22T21:50:07","slug":"trump-accepte-de-laisser-des-militaires-en-syrie-mais-assure-ne-pas-faire-machine-arriere","status":"publish","type":"post","link":"https:\/\/linitiative.ca\/International\/trump-accepte-de-laisser-des-militaires-en-syrie-mais-assure-ne-pas-faire-machine-arriere\/","title":{"rendered":"Trump accepte de laisser des militaires en Syrie, mais assure ne pas faire machine arri\u00e8re"},"content":{"rendered":"<div readability=\"32\">\n<p>Publi\u00e9 le 22.02.2019 \u00e0 22h50 par AFP<\/p>\n<\/div>\n<div readability=\"150\">\n<p>Le pr\u00e9sident am\u00e9ricain Donald Trump a finalement accept\u00e9 de laisser des troupes dans le nord-est syrien, dans l\u2019espoir de convaincre des Europ\u00e9ens r\u00e9ticents de participer \u00e0 une force d\u2019observation d\u2019un millier d\u2019hommes pour prot\u00e9ger les alli\u00e9s kurdes.<\/p>\n<p>\u00ab\u00a0Je ne fais pas machine arri\u00e8re\u00a0\u00bb, a assur\u00e9 vendredi M. Trump qui avait annonc\u00e9 en d\u00e9cembre un retour \u00ab\u00a0imm\u00e9diat\u00a0\u00bb des quelque 2.000 soldats am\u00e9ricains engag\u00e9s dans la lutte contre le groupe Etat islamique (EI) en Syrie.<\/p>\n<p>La Maison Blanche a indiqu\u00e9 jeudi soir que les Etats-Unis maintiendraient environ 200 soldats dans le nord-est syrien.<\/p>\n<p>\u00ab\u00a0Un petit groupe de maintien de la paix d\u2019environ 200 soldats restera en Syrie pour un certain temps\u00a0\u00bb, a annonc\u00e9 Sarah Sanders, porte-parole de l\u2019ex\u00e9cutif am\u00e9ricain, apr\u00e8s un \u00e9change t\u00e9l\u00e9phonique entre Donald Trump et son homologue turc Recep Tayyip Erdogan.<\/p>\n<p>Le s\u00e9nateur r\u00e9publicain Lindsey Graham, qui s\u2019est publiquement oppos\u00e9 au retrait militaire total de Syrie, s\u2019est f\u00e9licit\u00e9 sur la cha\u00eene Fox News de la d\u00e9cision du pr\u00e9sident am\u00e9ricain, qui a \u00ab\u00a0ajust\u00e9 sa politique\u00a0\u00bb.<\/p>\n<p>\u00ab\u00a0C\u2019est un tr\u00e8s bon plan\u00a0\u00bb, a dit M. Graham, qui avait d\u00e9fendu cette id\u00e9e ces derniers jours, notamment \u00e0 la conf\u00e9rence sur la s\u00e9curit\u00e9 de Munich la semaine derni\u00e8re. \u00ab\u00a0Ces 200 soldats vont probablement attirer 1.000 Europ\u00e9ens.\u00a0\u00bb<\/p>\n<p>\u00ab\u00a0Des milliers d\u2019Europ\u00e9ens ont \u00e9t\u00e9 tu\u00e9s par des combattants de l\u2019EI venus de Syrie en Europe\u00a0\u00bb, a affirm\u00e9 le s\u00e9nateur, exag\u00e9rant largement le nombre de victimes des attentats attribu\u00e9s \u00e0 l\u2019EI en Europe. \u00ab\u00a0Maintenant, la t\u00e2che incombe \u00e0 l\u2019Europe. 80% de l\u2019op\u00e9ration devrait \u00eatre europ\u00e9enne et peut-\u00eatre 20% pour nous.\u00a0\u00bb<\/p>\n<p>Selon les estimations du Global Terrorism Index, \u00e9tabli annuellement par le centre de recherche Institute for Economics and Peace, le terrorisme a fait quelque 700 morts en Europe depuis 2014, ann\u00e9e de l\u2019autoproclamation par l\u2019EI de son \u00ab\u00a0califat\u00a0\u00bb sur un large territoire \u00e0 cheval sur la Syrie et l\u2019Irak.<\/p>\n<p>Mais M. Trump souhaite retirer les troupes am\u00e9ricaines des th\u00e9\u00e2tres ext\u00e9rieurs comme la Syrie et l\u2019Afghanistan, conform\u00e9ment \u00e0 son slogan \u00ab\u00a0l\u2019Am\u00e9rique d\u2019abord\u00a0\u00bb.<\/p>\n<p>\u2013 \u00ab\u00a0Rendre les choses possibles\u00a0\u00bb \u2013<\/p>\n<p>Le chef d\u2019\u00e9tat-major am\u00e9ricain, le g\u00e9n\u00e9ral Joe Dunford, s\u2019est d\u00e9clar\u00e9 convaincu que les Europ\u00e9ens accepteraient de participer \u00e0 cette force maintenant que les Etats-Unis ont accept\u00e9 de maintenir certains effectifs.<\/p>\n<p><ins data-revive-zoneid=\"9\" data-revive-id=\"10111e19d28d19d031742ee3b0b33eb0\"\/> <\/p>\n<p>\u00ab\u00a0Il n\u2019y a aucun changement dans la campagne militaire\u00a0\u00bb, a-t-il pr\u00e9cis\u00e9 \u00e0 la presse. \u00ab\u00a0Les ressources sont ajust\u00e9es parce que la menace a chang\u00e9\u00a0\u00bb.<\/p>\n<p>L\u2019objectif est double: maintenir un effort antiterroriste pour \u00e9viter la r\u00e9surgence de l\u2019EI, pass\u00e9 dans la clandestinit\u00e9, mais aussi ne pas abandonner \u00e0 leur sort les Kurdes des Forces d\u00e9mocratiques syriennes (FDS) qui ont men\u00e9 sur le sol syrien les combats contre l\u2019EI, avec l\u2019appui de la coalition, et que la Turquie menace d\u2019attaquer.<\/p>\n<p>\u00ab\u00a0Nous avons besoin d\u2019une zone tampon entre la Turquie et les Forces d\u00e9mocratiques\u00a0\u00bb, a indiqu\u00e9 M. Graham. \u00ab\u00a0On ne veut pas finir une guerre et en d\u00e9clencher une autre\u00a0\u00bb.<\/p>\n<p>Le chef du Pentagone, Patrick Shanahan, a assur\u00e9 que la mission des militaires am\u00e9ricains en Syrie n\u2019avaient pas chang\u00e9, en recevant vendredi le ministre turc de la D\u00e9fense Hulusi Akar.<\/p>\n<p>\u00ab\u00a0La transition \u00e0 laquelle nous travaillons est la stabilisation et l\u2019am\u00e9lioration des capacit\u00e9s des forces de s\u00e9curit\u00e9 locales\u00a0\u00bb, a ajout\u00e9 le ministre de la D\u00e9fense par int\u00e9rim. \u00ab\u00a0Nous ferons \u00e7a en partenaires strat\u00e9giques\u00a0\u00bb.<\/p>\n<p>Son homologue turc a tenu \u00e0 souligner qu\u2019Ankara n\u2019avait rien contre les populations kurdes de Syrie. \u00ab\u00a0Ce que nous combattons, ce sont les organisations terroristes\u00a0\u00bb, a-t-il ajout\u00e9, en r\u00e9f\u00e9rence \u00e0 la milice kurde des Unit\u00e9s de protection du peuple (YPG), une des composantes des FDS.<\/p>\n<p>A Munich, l\u2019id\u00e9e de cette zone de s\u00e9curit\u00e9 avait \u00e9t\u00e9 fra\u00eechement accueillie par les Europ\u00e9ens, qui avaient \u00e9t\u00e9 pris de court par la d\u00e9cision unilat\u00e9rale de M. Trump de se retirer de Syrie.<\/p>\n<p>\u00ab\u00a0Il est totalement hors de question d\u2019avoir des Fran\u00e7ais au sol sans les Am\u00e9ricains\u00a0\u00bb sur le terrain, avait affirm\u00e9 \u00e0 l\u2019AFP une source fran\u00e7aise.<\/p>\n<p>Questionn\u00e9 vendredi, un responsable militaire a indiqu\u00e9 sous le couvert de l\u2019anonymat que si le nombre exact des militaires qui participeront \u00e0 la force am\u00e9ricaine \u00e9voqu\u00e9e par la Maison Blanche et sa composition n\u2019\u00e9taient pas encore connus, l\u2019objectif \u00e9tait d\u2019en faire \u00ab\u00a0une force qui puisse rendre les choses possibles\u00a0\u00bb.<\/p>\n<p>Outre les 200 militaires dans le nord-est, Washington compte maintenir une pr\u00e9sence sur la base am\u00e9ricaine d\u2019al-Tanf, dans le sud du pays.<\/p>\n<\/div>\n<p>Auteur: AFP<br \/>\n<a href=\"https:\/\/www.journalducameroun.com\/trump-accepte-de-laisser-des-militaires-en-syrie-mais-assure-ne-pas-faire-machine-arriere\/\">Cliquez ici pour lire l&rsquo;article depuis sa source.<\/a><\/p>\n","protected":false},"excerpt":{"rendered":"<p>Publi\u00e9 le 22.02.2019 \u00e0 22h50 par AFP Le pr\u00e9sident am\u00e9ricain Donald Trump a finalement accept\u00e9 de laisser des troupes dans le nord-est syrien, dans l\u2019espoir de convaincre des Europ\u00e9ens r\u00e9ticents de participer \u00e0 une force d\u2019observation d\u2019un millier d\u2019hommes pour prot\u00e9ger les alli\u00e9s kurdes. \u00ab\u00a0Je ne fais pas machine arri\u00e8re\u00a0\u00bb, a assur\u00e9 vendredi M. Trump [&hellip;]<\/p>\n","protected":false},"author":1965,"featured_media":0,"comment_status":"closed","ping_status":"closed","sticky":false,"template":"","format":"standard","meta":{"fifu_image_url":"","fifu_image_alt":"","footnotes":""},"categories":[73,82],"tags":[],"class_list":["post-16642","post","type-post","status-publish","format-standard","hentry","category-actualite","category-cameroun"],"_links":{"self":[{"href":"https:\/\/linitiative.ca\/International\/wp-json\/wp\/v2\/posts\/16642","targetHints":{"allow":["GET"]}}],"collection":[{"href":"https:\/\/linitiative.ca\/International\/wp-json\/wp\/v2\/posts"}],"about":[{"href":"https:\/\/linitiative.ca\/International\/wp-json\/wp\/v2\/types\/post"}],"author":[{"embeddable":true,"href":"https:\/\/linitiative.ca\/International\/wp-json\/wp\/v2\/users\/1965"}],"replies":[{"embeddable":true,"href":"https:\/\/linitiative.ca\/International\/wp-json\/wp\/v2\/comments?post=16642"}],"version-history":[{"count":0,"href":"https:\/\/linitiative.ca\/International\/wp-json\/wp\/v2\/posts\/16642\/revisions"}],"wp:attachment":[{"href":"https:\/\/linitiative.ca\/International\/wp-json\/wp\/v2\/media?parent=16642"}],"wp:term":[{"taxonomy":"category","embeddable":true,"href":"https:\/\/linitiative.ca\/International\/wp-json\/wp\/v2\/categories?post=16642"},{"taxonomy":"post_tag","embeddable":true,"href":"https:\/\/linitiative.ca\/International\/wp-json\/wp\/v2\/tags?post=16642"}],"curies":[{"name":"wp","href":"https:\/\/api.w.org\/{rel}","templated":true}]}}