{"id":16670,"date":"2019-02-23T07:58:00","date_gmt":"2019-02-23T12:58:00","guid":{"rendered":"https:\/\/linitiative.ca\/International\/deux-matchs-reportes-pour-des-raisons-dordre-public\/"},"modified":"2019-02-23T07:58:00","modified_gmt":"2019-02-23T12:58:00","slug":"deux-matchs-reportes-pour-des-raisons-dordre-public","status":"publish","type":"post","link":"https:\/\/linitiative.ca\/International\/deux-matchs-reportes-pour-des-raisons-dordre-public\/","title":{"rendered":"Deux matchs report\u00e9s pour des raisons \u00abd\u2019ordre public\u00bb"},"content":{"rendered":"<div id=\"originalText\" readability=\"51\">\n<p><strong>Les deux matchs MC Alger- MC Oran et JSMB- Paradou AC programm\u00e9s ce samedi 23 f\u00e9vrier, ont \u00e9t\u00e9 report\u00e9s \u00e0 une date ult\u00e9rieure, ont annonc\u00e9, hier vendredi, la F\u00e9d\u00e9ration Alg\u00e9rienne de Football et la ligue de Football Professionnel.<\/strong><\/p>\n<p>\u00ab\u00a0La rencontre des quarts de finale \u2018\u2019aller\u2019\u2019 de la coupe d\u2019Alg\u00e9rie, qui devait se d\u00e9rouler ce samedi 23 f\u00e9vrier 2019 au stade de l\u2019unit\u00e9 Maghr\u00e9bine de Beja\u00efa a \u00e9t\u00e9 report\u00e9e \u00e0 une date ult\u00e9rieure pour des raisons d\u2019ordre public\u00a0\u00bb, a annonc\u00e9 la F\u00e9d\u00e9ration Alg\u00e9rienne de Football.<\/p>\n<p>Pour sa part, la Ligue de football professionnel a annonc\u00e9 sur son site officiel, le report du match entre le MC Alger et MC Oran pr\u00e9vu \u00e9galement aujourd\u2019hui, au stade du 5 Juillet d&rsquo;Alger.<\/p>\n<p class=\"c10\"><strong>Sihem Benmalek<\/strong><\/p>\n<\/div>\n<div id=\"text_core\" readability=\"51\">\n<p><strong>Les deux matchs MC Alger- MC Oran et JSMB- Paradou AC programm\u00e9s ce samedi 23 f\u00e9vrier, ont \u00e9t\u00e9 report\u00e9s \u00e0 une date ult\u00e9rieure, ont annonc\u00e9, hier vendredi, la F\u00e9d\u00e9ration Alg\u00e9rienne de Football et la ligue de Football Professionnel.<\/strong><\/p>\n<p>\u00ab\u00a0La rencontre des quarts de finale \u2018\u2019aller\u2019\u2019 de la coupe d\u2019Alg\u00e9rie, qui devait se d\u00e9rouler ce samedi 23 f\u00e9vrier 2019 au stade de l\u2019unit\u00e9 Maghr\u00e9bine de Beja\u00efa a \u00e9t\u00e9 report\u00e9e \u00e0 une date ult\u00e9rieure pour des raisons d\u2019ordre public\u00a0\u00bb, a annonc\u00e9 la F\u00e9d\u00e9ration Alg\u00e9rienne de Football.<\/p>\n<p>Pour sa part, la Ligue de football professionnel a annonc\u00e9 sur son site officiel, le report du match entre le MC Alger et MC Oran pr\u00e9vu \u00e9galement aujourd\u2019hui, au stade du 5 Juillet d&rsquo;Alger.<\/p>\n<p class=\"c10\"><strong>Sihem Benmalek<\/strong><\/p>\n<\/div>\n<p>Auteur:<br \/>\n<a href=\"https:\/\/www.liberte-algerie.com\/actualite\/deux-matchs-reportes-pour-des-raisons-dordre-public-310080\">Cliquez ici pour lire l&rsquo;article depuis sa source.<\/a><\/p>\n","protected":false},"excerpt":{"rendered":"<p>Les deux matchs MC Alger- MC Oran et JSMB- Paradou AC programm\u00e9s ce samedi 23 f\u00e9vrier, ont \u00e9t\u00e9 report\u00e9s \u00e0 une date ult\u00e9rieure, ont annonc\u00e9, hier vendredi, la F\u00e9d\u00e9ration Alg\u00e9rienne de Football et la ligue de Football Professionnel. \u00ab\u00a0La rencontre des quarts de finale \u2018\u2019aller\u2019\u2019 de la coupe d\u2019Alg\u00e9rie, qui devait se d\u00e9rouler ce samedi [&hellip;]<\/p>\n","protected":false},"author":1742,"featured_media":0,"comment_status":"closed","ping_status":"closed","sticky":false,"template":"","format":"standard","meta":{"fifu_image_url":"","fifu_image_alt":"","footnotes":""},"categories":[73,53],"tags":[],"class_list":["post-16670","post","type-post","status-publish","format-standard","hentry","category-actualite","category-algerie"],"_links":{"self":[{"href":"https:\/\/linitiative.ca\/International\/wp-json\/wp\/v2\/posts\/16670","targetHints":{"allow":["GET"]}}],"collection":[{"href":"https:\/\/linitiative.ca\/International\/wp-json\/wp\/v2\/posts"}],"about":[{"href":"https:\/\/linitiative.ca\/International\/wp-json\/wp\/v2\/types\/post"}],"author":[{"embeddable":true,"href":"https:\/\/linitiative.ca\/International\/wp-json\/wp\/v2\/users\/1742"}],"replies":[{"embeddable":true,"href":"https:\/\/linitiative.ca\/International\/wp-json\/wp\/v2\/comments?post=16670"}],"version-history":[{"count":0,"href":"https:\/\/linitiative.ca\/International\/wp-json\/wp\/v2\/posts\/16670\/revisions"}],"wp:attachment":[{"href":"https:\/\/linitiative.ca\/International\/wp-json\/wp\/v2\/media?parent=16670"}],"wp:term":[{"taxonomy":"category","embeddable":true,"href":"https:\/\/linitiative.ca\/International\/wp-json\/wp\/v2\/categories?post=16670"},{"taxonomy":"post_tag","embeddable":true,"href":"https:\/\/linitiative.ca\/International\/wp-json\/wp\/v2\/tags?post=16670"}],"curies":[{"name":"wp","href":"https:\/\/api.w.org\/{rel}","templated":true}]}}