{"id":16672,"date":"2019-02-23T09:48:00","date_gmt":"2019-02-23T14:48:00","guid":{"rendered":"https:\/\/linitiative.ca\/International\/cest-la-fin-du-systeme-qui-sevit-depuis-1962\/"},"modified":"2019-02-23T09:48:00","modified_gmt":"2019-02-23T14:48:00","slug":"cest-la-fin-du-systeme-qui-sevit-depuis-1962","status":"publish","type":"post","link":"https:\/\/linitiative.ca\/International\/cest-la-fin-du-systeme-qui-sevit-depuis-1962\/","title":{"rendered":"\u00abC\u2019est la fin du syst\u00e8me qui s\u00e9vit depuis 1962\u00bb"},"content":{"rendered":"<div id=\"originalText\" readability=\"81\">\n<p>Pour le Rassemblement pour la culture et la d\u00e9mocratie (RCD), \u00ables manifestations du 22 f\u00e9vrier 2019 qui se sont d\u00e9roul\u00e9es \u00e0 travers de nombreuses localit\u00e9s du pays et singuli\u00e8rement dans la capitale, ont clairement signifi\u00e9 le rejet de la mascarade \u00e9lectorale du 18 avril 2019\u00bb.<\/p>\n<p>Dans un communiqu\u00e9 rendu public ce samedi, le RCD estime que ces manifestations, \u00abpar leur nombre et le contenu de leurs revendications, elles ont aussi et surtout clam\u00e9 haut et fort leur refus du maintien d&rsquo;un syst\u00e8me politique qui d\u00e9nie au peuple alg\u00e9rien, depuis le premier jour de l\u2019ind\u00e9pendance, sa souverainet\u00e9 et son droit \u00e0 choisir ses institutions et ses mandants\u00bb.<\/p>\n<p>Le parti de Mohcine Belabbas, \u00abqui a mis en garde et qui met en garde une nouvelle fois contre la tentation de l&rsquo;usage de la violence pour r\u00e9primer des contestations pacifiques et l\u00e9gitimes\u00bb, n\u2019a pas manqu\u00e9 de \u00abrend(re) hommage aux populations qui ont d\u00e9fil\u00e9 dans le calme pour exprimer leur haine du syst\u00e8me de la hogra, de l\u2019opacit\u00e9 et de la corruption\u00bb.<\/p>\n<p>Il consid\u00e8re, \u00e0 ce propos, qu&rsquo;\u00abil est urgent d&rsquo;ouvrir une issue qui redonne espoir et qui mobilise le pays pour une alternative d\u00e9mocratique et pacifique.\u00bb<\/p>\n<p>Et de conclure\u00a0: \u00abLes tenants de la pr\u00e9sentation de la candidature de Bouteflika ou d&rsquo;une autre candidature de substitution pour maintenir un r\u00e9gime d&rsquo;oppression doivent tirer les seules conclusions qu\u2019appelle le r\u00e9f\u00e9rendum populaire du 22 f\u00e9vrier : la fin du syst\u00e8me qui s\u00e9vit depuis 1962\u00bb.<\/p>\n<p>Enfin, le RCD rel\u00e8ve que \u00abl\u2019heure n\u2019est pas au vote mais au bilan d\u2019un d\u00e9sastre qui peut engloutir l\u2019Alg\u00e9rie\u00bb, \u00a0et appelle \u00e0 \u00abun dialogue, pilot\u00e9 par une commission de sages, pour organiser une p\u00e9riode de transition qui doit aboutir, le plus t\u00f4t possible, \u00e0 l&rsquo;organisation d&rsquo;\u00e9lections g\u00e9n\u00e9rales r\u00e9guli\u00e8res et transparentes pour doter le pays d&rsquo;institutions cr\u00e9dibles et l\u00e9gitimes\u00bb.<\/p>\n<p>Cela suppose, souligne le Rassemblement, \u00aben premier lieu le d\u00e9part de ce gouvernement et la constitution d&rsquo;un gouvernement de salut national qui engagera les proc\u00e9dures devant conduire le pays vers le retour \u00e0 la souverainet\u00e9 populaire\u00bb.<\/p>\n<p class=\"c10\"><strong>R\u00e9daction Web<\/strong><\/p>\n<\/div>\n<div id=\"text_core\" readability=\"81\">\n<p>Pour le Rassemblement pour la culture et la d\u00e9mocratie (RCD), \u00ables manifestations du 22 f\u00e9vrier 2019 qui se sont d\u00e9roul\u00e9es \u00e0 travers de nombreuses localit\u00e9s du pays et singuli\u00e8rement dans la capitale, ont clairement signifi\u00e9 le rejet de la mascarade \u00e9lectorale du 18 avril 2019\u00bb.<\/p>\n<p>Dans un communiqu\u00e9 rendu public ce samedi, le RCD estime que ces manifestations, \u00abpar leur nombre et le contenu de leurs revendications, elles ont aussi et surtout clam\u00e9 haut et fort leur refus du maintien d&rsquo;un syst\u00e8me politique qui d\u00e9nie au peuple alg\u00e9rien, depuis le premier jour de l\u2019ind\u00e9pendance, sa souverainet\u00e9 et son droit \u00e0 choisir ses institutions et ses mandants\u00bb.<\/p>\n<p>Le parti de Mohcine Belabbas, \u00abqui a mis en garde et qui met en garde une nouvelle fois contre la tentation de l&rsquo;usage de la violence pour r\u00e9primer des contestations pacifiques et l\u00e9gitimes\u00bb, n\u2019a pas manqu\u00e9 de \u00abrend(re) hommage aux populations qui ont d\u00e9fil\u00e9 dans le calme pour exprimer leur haine du syst\u00e8me de la hogra, de l\u2019opacit\u00e9 et de la corruption\u00bb.<\/p>\n<p>Il consid\u00e8re, \u00e0 ce propos, qu&rsquo;\u00abil est urgent d&rsquo;ouvrir une issue qui redonne espoir et qui mobilise le pays pour une alternative d\u00e9mocratique et pacifique.\u00bb<\/p>\n<p>Et de conclure\u00a0: \u00abLes tenants de la pr\u00e9sentation de la candidature de Bouteflika ou d&rsquo;une autre candidature de substitution pour maintenir un r\u00e9gime d&rsquo;oppression doivent tirer les seules conclusions qu\u2019appelle le r\u00e9f\u00e9rendum populaire du 22 f\u00e9vrier : la fin du syst\u00e8me qui s\u00e9vit depuis 1962\u00bb.<\/p>\n<p>Enfin, le RCD rel\u00e8ve que \u00abl\u2019heure n\u2019est pas au vote mais au bilan d\u2019un d\u00e9sastre qui peut engloutir l\u2019Alg\u00e9rie\u00bb, \u00a0et appelle \u00e0 \u00abun dialogue, pilot\u00e9 par une commission de sages, pour organiser une p\u00e9riode de transition qui doit aboutir, le plus t\u00f4t possible, \u00e0 l&rsquo;organisation d&rsquo;\u00e9lections g\u00e9n\u00e9rales r\u00e9guli\u00e8res et transparentes pour doter le pays d&rsquo;institutions cr\u00e9dibles et l\u00e9gitimes\u00bb.<\/p>\n<p>Cela suppose, souligne le Rassemblement, \u00aben premier lieu le d\u00e9part de ce gouvernement et la constitution d&rsquo;un gouvernement de salut national qui engagera les proc\u00e9dures devant conduire le pays vers le retour \u00e0 la souverainet\u00e9 populaire\u00bb.<\/p>\n<p class=\"c10\"><strong>R\u00e9daction Web<\/strong><\/p>\n<\/div>\n<p>Auteur:<br \/>\n<a href=\"https:\/\/www.liberte-algerie.com\/actualite\/cest-la-fin-du-systeme-qui-sevit-depuis-1962-310082\">Cliquez ici pour lire l&rsquo;article depuis sa source.<\/a><\/p>\n","protected":false},"excerpt":{"rendered":"<p>Pour le Rassemblement pour la culture et la d\u00e9mocratie (RCD), \u00ables manifestations du 22 f\u00e9vrier 2019 qui se sont d\u00e9roul\u00e9es \u00e0 travers de nombreuses localit\u00e9s du pays et singuli\u00e8rement dans la capitale, ont clairement signifi\u00e9 le rejet de la mascarade \u00e9lectorale du 18 avril 2019\u00bb. Dans un communiqu\u00e9 rendu public ce samedi, le RCD estime [&hellip;]<\/p>\n","protected":false},"author":1742,"featured_media":0,"comment_status":"closed","ping_status":"closed","sticky":false,"template":"","format":"standard","meta":{"fifu_image_url":"","fifu_image_alt":"","footnotes":""},"categories":[73,53],"tags":[],"class_list":["post-16672","post","type-post","status-publish","format-standard","hentry","category-actualite","category-algerie"],"_links":{"self":[{"href":"https:\/\/linitiative.ca\/International\/wp-json\/wp\/v2\/posts\/16672","targetHints":{"allow":["GET"]}}],"collection":[{"href":"https:\/\/linitiative.ca\/International\/wp-json\/wp\/v2\/posts"}],"about":[{"href":"https:\/\/linitiative.ca\/International\/wp-json\/wp\/v2\/types\/post"}],"author":[{"embeddable":true,"href":"https:\/\/linitiative.ca\/International\/wp-json\/wp\/v2\/users\/1742"}],"replies":[{"embeddable":true,"href":"https:\/\/linitiative.ca\/International\/wp-json\/wp\/v2\/comments?post=16672"}],"version-history":[{"count":0,"href":"https:\/\/linitiative.ca\/International\/wp-json\/wp\/v2\/posts\/16672\/revisions"}],"wp:attachment":[{"href":"https:\/\/linitiative.ca\/International\/wp-json\/wp\/v2\/media?parent=16672"}],"wp:term":[{"taxonomy":"category","embeddable":true,"href":"https:\/\/linitiative.ca\/International\/wp-json\/wp\/v2\/categories?post=16672"},{"taxonomy":"post_tag","embeddable":true,"href":"https:\/\/linitiative.ca\/International\/wp-json\/wp\/v2\/tags?post=16672"}],"curies":[{"name":"wp","href":"https:\/\/api.w.org\/{rel}","templated":true}]}}