{"id":16675,"date":"2019-02-23T11:01:00","date_gmt":"2019-02-23T16:01:00","guid":{"rendered":"https:\/\/linitiative.ca\/International\/benflis-salue-le-haut-degre-de-civisme-des-manifestants\/"},"modified":"2019-02-23T11:01:00","modified_gmt":"2019-02-23T16:01:00","slug":"benflis-salue-le-haut-degre-de-civisme-des-manifestants","status":"publish","type":"post","link":"https:\/\/linitiative.ca\/International\/benflis-salue-le-haut-degre-de-civisme-des-manifestants\/","title":{"rendered":"Benflis salue le haut degr\u00e9 de civisme des manifestants"},"content":{"rendered":"<div id=\"originalText\" readability=\"68\">\n<p>Le parti Talaie El Houriyet a salu\u00e9 \u00ab\u00a0les marches de protestation contre le r\u00e9gime politique en place, plus particuli\u00e8rement contre le 5e mandat\u00a0\u00bb et se f\u00e9licite \u00ab\u00a0du caract\u00e8re pacifique de cette protestation populaire contre ce coup de force du pouvoir politique en place et le haut degr\u00e9 de civisme et de maturit\u00e9 des manifestants\u00a0\u00bb.<\/p>\n<p>Dans un communiqu\u00e9 rendu public, ce samedi, Talaie El Houriyet constate que \u00ab\u00a0les impressionnantes mar\u00e9es humaines qui ont investi les rues, n\u2019ont eu besoin ni de mots d\u2019ordre officiels de l\u2019opposition, ni d\u2019injonctions d\u2019officines \u00e9trang\u00e8res pour exprimer haut et fort leur rejet de la politique du fait accompli\u00a0\u00bb.<\/p>\n<p>Pour le parti d\u2019Ali Benflis, \u00ab\u00a0les manifestants n\u2019ont \u00e9t\u00e9 retenus ni par la strat\u00e9gie de la peur que brandit le pouvoir comme le retour aux ann\u00e9es difficiles de la d\u00e9cennie 90 ou encore les d\u00e9rapages dudit \u00ab\u00a0printemps arabe\u00a0\u00bb, ni\u00a0 par les menaces de r\u00e9pression\u00a0\u00bb.\u00a0<\/p>\n<p>Le parti, qui a salu\u00e9 \u00abl\u2019attitude mesur\u00e9e des forces de l\u2019ordre qui ont encadr\u00e9 les manifestants\u00bb, exprime cependant \u00ab\u00a0ses inqui\u00e9tudes face aux menaces de recours \u00e0 la force pour r\u00e9primer les manifestations, prof\u00e9r\u00e9es par des responsables politiques et\u00a0met en garde les autorit\u00e9s publiques contre toute provocation et les d\u00e9rapages que la r\u00e9pression des manifestations peut entrainer\u00a0\u00bb.<\/p>\n<p>Par ailleurs, Talaie El Hourriyet s\u2019est dit \u00abpas \u00e9tonn\u00e9 par le fait que, comme \u00e0 leur habitude, les m\u00e9dias publics aient compl\u00e8tement ignor\u00e9 les marches populaires pacifiques organis\u00e9es \u00e0 travers tout le pays\u00bb, \u00a0et regrette que\u00a0\u00ables chaines de T\u00e9l\u00e9vision priv\u00e9es aient adopt\u00e9 la m\u00eame attitude\u00a0\u00bb.\u00a0<\/p>\n<p class=\"c10\"><strong>Sihem Benmalek<\/strong><\/p>\n<\/div>\n<div id=\"text_core\" readability=\"68\">\n<p>Le parti Talaie El Houriyet a salu\u00e9 \u00ab\u00a0les marches de protestation contre le r\u00e9gime politique en place, plus particuli\u00e8rement contre le 5e mandat\u00a0\u00bb et se f\u00e9licite \u00ab\u00a0du caract\u00e8re pacifique de cette protestation populaire contre ce coup de force du pouvoir politique en place et le haut degr\u00e9 de civisme et de maturit\u00e9 des manifestants\u00a0\u00bb.<\/p>\n<p>Dans un communiqu\u00e9 rendu public, ce samedi, Talaie El Houriyet constate que \u00ab\u00a0les impressionnantes mar\u00e9es humaines qui ont investi les rues, n\u2019ont eu besoin ni de mots d\u2019ordre officiels de l\u2019opposition, ni d\u2019injonctions d\u2019officines \u00e9trang\u00e8res pour exprimer haut et fort leur rejet de la politique du fait accompli\u00a0\u00bb.<\/p>\n<p>Pour le parti d\u2019Ali Benflis, \u00ab\u00a0les manifestants n\u2019ont \u00e9t\u00e9 retenus ni par la strat\u00e9gie de la peur que brandit le pouvoir comme le retour aux ann\u00e9es difficiles de la d\u00e9cennie 90 ou encore les d\u00e9rapages dudit \u00ab\u00a0printemps arabe\u00a0\u00bb, ni\u00a0 par les menaces de r\u00e9pression\u00a0\u00bb.\u00a0<\/p>\n<p>Le parti, qui a salu\u00e9 \u00abl\u2019attitude mesur\u00e9e des forces de l\u2019ordre qui ont encadr\u00e9 les manifestants\u00bb, exprime cependant \u00ab\u00a0ses inqui\u00e9tudes face aux menaces de recours \u00e0 la force pour r\u00e9primer les manifestations, prof\u00e9r\u00e9es par des responsables politiques et\u00a0met en garde les autorit\u00e9s publiques contre toute provocation et les d\u00e9rapages que la r\u00e9pression des manifestations peut entrainer\u00a0\u00bb.<\/p>\n<p>Par ailleurs, Talaie El Hourriyet s\u2019est dit \u00abpas \u00e9tonn\u00e9 par le fait que, comme \u00e0 leur habitude, les m\u00e9dias publics aient compl\u00e8tement ignor\u00e9 les marches populaires pacifiques organis\u00e9es \u00e0 travers tout le pays\u00bb, \u00a0et regrette que\u00a0\u00ables chaines de T\u00e9l\u00e9vision priv\u00e9es aient adopt\u00e9 la m\u00eame attitude\u00a0\u00bb.\u00a0<\/p>\n<p class=\"c10\"><strong>Sihem Benmalek<\/strong><\/p>\n<\/div>\n<p>Auteur:<br \/>\n<a href=\"https:\/\/www.liberte-algerie.com\/actualite\/benflis-salue-le-haut-degre-de-civisme-des-manifestants-310085\">Cliquez ici pour lire l&rsquo;article depuis sa source.<\/a><\/p>\n","protected":false},"excerpt":{"rendered":"<p>Le parti Talaie El Houriyet a salu\u00e9 \u00ab\u00a0les marches de protestation contre le r\u00e9gime politique en place, plus particuli\u00e8rement contre le 5e mandat\u00a0\u00bb et se f\u00e9licite \u00ab\u00a0du caract\u00e8re pacifique de cette protestation populaire contre ce coup de force du pouvoir politique en place et le haut degr\u00e9 de civisme et de maturit\u00e9 des manifestants\u00a0\u00bb. Dans [&hellip;]<\/p>\n","protected":false},"author":1742,"featured_media":0,"comment_status":"closed","ping_status":"closed","sticky":false,"template":"","format":"standard","meta":{"fifu_image_url":"","fifu_image_alt":"","footnotes":""},"categories":[73,53],"tags":[],"class_list":["post-16675","post","type-post","status-publish","format-standard","hentry","category-actualite","category-algerie"],"_links":{"self":[{"href":"https:\/\/linitiative.ca\/International\/wp-json\/wp\/v2\/posts\/16675","targetHints":{"allow":["GET"]}}],"collection":[{"href":"https:\/\/linitiative.ca\/International\/wp-json\/wp\/v2\/posts"}],"about":[{"href":"https:\/\/linitiative.ca\/International\/wp-json\/wp\/v2\/types\/post"}],"author":[{"embeddable":true,"href":"https:\/\/linitiative.ca\/International\/wp-json\/wp\/v2\/users\/1742"}],"replies":[{"embeddable":true,"href":"https:\/\/linitiative.ca\/International\/wp-json\/wp\/v2\/comments?post=16675"}],"version-history":[{"count":0,"href":"https:\/\/linitiative.ca\/International\/wp-json\/wp\/v2\/posts\/16675\/revisions"}],"wp:attachment":[{"href":"https:\/\/linitiative.ca\/International\/wp-json\/wp\/v2\/media?parent=16675"}],"wp:term":[{"taxonomy":"category","embeddable":true,"href":"https:\/\/linitiative.ca\/International\/wp-json\/wp\/v2\/categories?post=16675"},{"taxonomy":"post_tag","embeddable":true,"href":"https:\/\/linitiative.ca\/International\/wp-json\/wp\/v2\/tags?post=16675"}],"curies":[{"name":"wp","href":"https:\/\/api.w.org\/{rel}","templated":true}]}}