{"id":16679,"date":"2019-02-23T07:14:57","date_gmt":"2019-02-23T12:14:57","guid":{"rendered":"https:\/\/linitiative.ca\/International\/video-alger-manifestations-en-masse-contre-un-5eme-mandat-du-candidat-bouteflika\/"},"modified":"2019-02-23T07:14:57","modified_gmt":"2019-02-23T12:14:57","slug":"video-alger-manifestations-en-masse-contre-un-5eme-mandat-du-candidat-bouteflika","status":"publish","type":"post","link":"https:\/\/linitiative.ca\/International\/video-alger-manifestations-en-masse-contre-un-5eme-mandat-du-candidat-bouteflika\/","title":{"rendered":"Vid\u00e9o : Alger \u2013 Manifestations en masse contre un 5\u00e9me mandat du candidat Bouteflika"},"content":{"rendered":"<div class=\"wpsso-schema-image-for-pinterest c4\"><img loading=\"lazy\" decoding=\"async\" src=\"http:\/\/lobservateur.info\/wp-content\/uploads\/2019\/02\/000_1DQ8SX.jpg\" width=\"0\" height=\"0\" class=\"c3\" data-pin-description=\"Alors qu\u2019il est annonc\u00e9 en partance pour Gen\u00e8ve pour un s\u00e9jour m\u00e9dical, Bouteflika ne cesse de cr\u00e9er la discorde au sein de son pays. Vendredi 22 f\u00e9vrier, les rues \u00e0 Alger ont en effet \u00e9t\u00e9 investies par des milliers de manifestants qui ont scand\u00e9...\" alt=\"\"\/><\/div>\n<div id=\"attachment_57969\" class=\"wp-caption alignnone c5\"><img loading=\"lazy\" decoding=\"async\" class=\"wp-image-57969 size-large\" src=\"http:\/\/lobservateur.info\/wp-content\/uploads\/2019\/02\/000_1DQ8SX-550x365.jpg\" alt=\"\" width=\"550\" height=\"365\" data-wp-pid=\"57969\"\/><\/p>\n<p class=\"wp-caption-text\">\u00a0<\/p>\n<\/div>\n<p>Alors qu\u2019il est annonc\u00e9 en partance pour Gen\u00e8ve pour un s\u00e9jour m\u00e9dical, Bouteflika ne cesse de cr\u00e9er la discorde au sein de son pays. Vendredi 22 f\u00e9vrier, les rues \u00e0 Alger ont en effet \u00e9t\u00e9 investies par des milliers de manifestants qui ont scand\u00e9 leur d\u00e9sapprobation vis-\u00e0-vis de la continuit\u00e9 de la pr\u00e9sidence alg\u00e9rienne.<\/p>\n<p>\u00abBouteflika, le Marocain, il n\u2019y aura pas de cinqui\u00e8me mandat !\u00bb scandaient-ils. La manifestation qui s\u2019est d\u00e9roul\u00e9e apr\u00e8s la pri\u00e8re du vendredi, vers la Grande poste, a \u00e9t\u00e9 encadr\u00e9 par un important dispositif policier et n\u2019aurait pas connu de d\u00e9bordements.<\/p>\n<blockquote class=\"twitter-tweet\" data-lang=\"fr\" readability=\"4.38805970149\">\n<p dir=\"ltr\" lang=\"fr\">Alger centre. Manifestation contre le 5eme mandat <a href=\"https:\/\/twitter.com\/hashtag\/Algerie?src=hash&#038;ref_src=twsrc%5Etfw\">#Algerie<\/a> <a href=\"https:\/\/t.co\/wWCSgFry9v\">pic.twitter.com\/wWCSgFry9v<\/a><\/p>\n<p>\u2014 Zahra Rahmouni (@ZahraaRhm) <a href=\"https:\/\/twitter.com\/ZahraaRhm\/status\/1098940642305155072?ref_src=twsrc%5Etfw\">22 f\u00e9vrier 2019<\/a><\/p>\n<\/blockquote>\n<blockquote class=\"twitter-tweet\" data-lang=\"fr\" readability=\"4.81720430108\">\n<p dir=\"rtl\" lang=\"ar\">\u0627\u0646\u0637\u0644\u0627\u0642 \u062a\u0638\u0627\u0647\u0631\u0627\u062a \u0636\u062f \u062a\u0631\u0634\u062d \u0627\u0644\u0631\u0626\u064a\u0633 <a href=\"https:\/\/twitter.com\/hashtag\/%D8%A8%D9%88%D8%AA%D9%81%D9%84%D9%8A%D9%82%D8%A9?src=hash&#038;ref_src=twsrc%5Etfw\">#\u0628\u0648\u062a\u0641\u0644\u064a\u0642\u0629<\/a> \u0641\u064a \u0627\u0644\u0639\u0627\u0635\u0645\u0629 <a href=\"https:\/\/twitter.com\/hashtag\/%D8%A7%D9%84%D8%AC%D8%B2%D8%A7%D8%A6%D8%B1?src=hash&#038;ref_src=twsrc%5Etfw\">#\u0627\u0644\u062c\u0632\u0627\u0626\u0631<\/a> <a href=\"https:\/\/t.co\/U7mI8BE9VX\">pic.twitter.com\/U7mI8BE9VX<\/a><\/p>\n<p>\u2014 \u0642\u0646\u0627\u0629 \u0627\u0644\u063a\u062f (@AlGhadTV) <a href=\"https:\/\/twitter.com\/AlGhadTV\/status\/1098940954487283714?ref_src=twsrc%5Etfw\">22 f\u00e9vrier 2019<\/a><\/p>\n<\/blockquote>\n<p>Auteur: L&rsquo;observateur<br \/>\n<a href=\"http:\/\/lobservateur.info\/monde\/maghreb\/video-alger-manifestations-en-masse-contre-un-5eme-mandat-du-candidat-bouteflika\/\">Cliquez ici pour lire l&rsquo;article depuis sa source.<\/a><\/p>\n","protected":false},"excerpt":{"rendered":"<p>\u00a0 Alors qu\u2019il est annonc\u00e9 en partance pour Gen\u00e8ve pour un s\u00e9jour m\u00e9dical, Bouteflika ne cesse de cr\u00e9er la discorde au sein de son pays. Vendredi 22 f\u00e9vrier, les rues \u00e0 Alger ont en effet \u00e9t\u00e9 investies par des milliers de manifestants qui ont scand\u00e9 leur d\u00e9sapprobation vis-\u00e0-vis de la continuit\u00e9 de la pr\u00e9sidence alg\u00e9rienne. [&hellip;]<\/p>\n","protected":false},"author":1762,"featured_media":16680,"comment_status":"closed","ping_status":"closed","sticky":false,"template":"","format":"standard","meta":{"fifu_image_url":"","fifu_image_alt":"","footnotes":""},"categories":[73,54],"tags":[],"class_list":["post-16679","post","type-post","status-publish","format-standard","has-post-thumbnail","hentry","category-actualite","category-maroc"],"_links":{"self":[{"href":"https:\/\/linitiative.ca\/International\/wp-json\/wp\/v2\/posts\/16679","targetHints":{"allow":["GET"]}}],"collection":[{"href":"https:\/\/linitiative.ca\/International\/wp-json\/wp\/v2\/posts"}],"about":[{"href":"https:\/\/linitiative.ca\/International\/wp-json\/wp\/v2\/types\/post"}],"author":[{"embeddable":true,"href":"https:\/\/linitiative.ca\/International\/wp-json\/wp\/v2\/users\/1762"}],"replies":[{"embeddable":true,"href":"https:\/\/linitiative.ca\/International\/wp-json\/wp\/v2\/comments?post=16679"}],"version-history":[{"count":0,"href":"https:\/\/linitiative.ca\/International\/wp-json\/wp\/v2\/posts\/16679\/revisions"}],"wp:featuredmedia":[{"embeddable":true,"href":"https:\/\/linitiative.ca\/International\/wp-json\/"}],"wp:attachment":[{"href":"https:\/\/linitiative.ca\/International\/wp-json\/wp\/v2\/media?parent=16679"}],"wp:term":[{"taxonomy":"category","embeddable":true,"href":"https:\/\/linitiative.ca\/International\/wp-json\/wp\/v2\/categories?post=16679"},{"taxonomy":"post_tag","embeddable":true,"href":"https:\/\/linitiative.ca\/International\/wp-json\/wp\/v2\/tags?post=16679"}],"curies":[{"name":"wp","href":"https:\/\/api.w.org\/{rel}","templated":true}]}}