{"id":16683,"date":"2019-02-23T11:08:49","date_gmt":"2019-02-23T16:08:49","guid":{"rendered":"https:\/\/linitiative.ca\/International\/video-messi-vient-peut-etre-de-marquer-le-but-de-lannee\/"},"modified":"2019-02-23T11:08:49","modified_gmt":"2019-02-23T16:08:49","slug":"video-messi-vient-peut-etre-de-marquer-le-but-de-lannee","status":"publish","type":"post","link":"https:\/\/linitiative.ca\/International\/video-messi-vient-peut-etre-de-marquer-le-but-de-lannee\/","title":{"rendered":"Vid\u00e9o \u2013 Messi vient peut-\u00eatre de marquer le \u00ab\u00a0but de l\u2019ann\u00e9e\u00a0\u00bb"},"content":{"rendered":"<div class=\"wpsso-schema-image-for-pinterest c4\"><img loading=\"lazy\" decoding=\"async\" src=\"http:\/\/lobservateur.info\/wp-content\/uploads\/2019\/02\/Capture-d%E2%80%99%C3%A9cran-4.png\" width=\"0\" height=\"0\" class=\"c3\" data-pin-description=\"Messi vient juste de marquer ce qui pourrait \u00eatre le but de l'ann\u00e9e contre le FC S\u00e9ville. L'argentin a \u00e9galis\u00e9 pour le Bar\u00e7a sur une superbe reprise de vol\u00e9e qui n\u2019a laiss\u00e9 aucune chance \u00e0 Tom\u00e1\u0161 Vacl\u00edk. Un but qui n'est pas sans rappeler celui de...\" alt=\"\"\/><\/div>\n<p><img loading=\"lazy\" decoding=\"async\" class=\"alignnone wp-image-57979 size-large\" src=\"http:\/\/lobservateur.info\/wp-content\/uploads\/2019\/02\/Capture-d%E2%80%99%C3%A9cran-4-550x305.png\" alt=\"\" width=\"550\" height=\"305\" data-wp-pid=\"57979\"\/><\/p>\n<p>Messi vient juste de marquer ce qui pourrait \u00eatre le but de l\u2019ann\u00e9e contre le FC S\u00e9ville.<\/p>\n<p>L\u2019argentin a \u00e9galis\u00e9 pour le Bar\u00e7a sur une superbe reprise de vol\u00e9e qui n\u2019a laiss\u00e9 aucune chance \u00e0 Tom\u00e1\u0161 Vacl\u00edk. Un but qui n\u2019est pas sans rappeler celui de Zidane en Ligue des Champions face au Bayer Leverkusen en 2002.<\/p>\n<blockquote class=\"twitter-tweet\" data-lang=\"fr\" readability=\"4.50847457627\">\n<p dir=\"ltr\" lang=\"fr\">C\u2019est le banger de l\u2019ann\u00e9e<br \/>Sign\u00e9 Messi <a href=\"https:\/\/t.co\/Uf4gKzkmGl\">pic.twitter.com\/Uf4gKzkmGl<\/a><\/p>\n<p>\u2014 Sawyer (38-21) (@AbdCZRT) <a href=\"https:\/\/twitter.com\/AbdCZRT\/status\/1099334426574635009?ref_src=twsrc%5Etfw\">23 f\u00e9vrier 2019<\/a><\/p>\n<\/blockquote>\n<blockquote class=\"twitter-tweet\" data-lang=\"fr\" readability=\"3.87234042553\">\n<p dir=\"ltr\" lang=\"fr\">Messi\ud83d\ude33\ud83d\ude33\ud83d\ude33\ud83d\ude0d <a href=\"https:\/\/t.co\/v0Ujlm03Pk\">pic.twitter.com\/v0Ujlm03Pk<\/a><\/p>\n<p>\u2014 Quentinho (@shooter1806) <a href=\"https:\/\/twitter.com\/shooter1806\/status\/1099334175516168193?ref_src=twsrc%5Etfw\">23 f\u00e9vrier 2019<\/a><\/p>\n<\/blockquote>\n<p>Auteur: L&rsquo;observateur<br \/>\n<a href=\"http:\/\/lobservateur.info\/sport\/video-messi-vient-peut-etre-de-marquer-le-but-de-lannee\/\">Cliquez ici pour lire l&rsquo;article depuis sa source.<\/a><\/p>\n","protected":false},"excerpt":{"rendered":"<p>Messi vient juste de marquer ce qui pourrait \u00eatre le but de l\u2019ann\u00e9e contre le FC S\u00e9ville. L\u2019argentin a \u00e9galis\u00e9 pour le Bar\u00e7a sur une superbe reprise de vol\u00e9e qui n\u2019a laiss\u00e9 aucune chance \u00e0 Tom\u00e1\u0161 Vacl\u00edk. Un but qui n\u2019est pas sans rappeler celui de Zidane en Ligue des Champions face au Bayer Leverkusen [&hellip;]<\/p>\n","protected":false},"author":1762,"featured_media":16684,"comment_status":"closed","ping_status":"closed","sticky":false,"template":"","format":"standard","meta":{"fifu_image_url":"","fifu_image_alt":"","footnotes":""},"categories":[73,54],"tags":[],"class_list":["post-16683","post","type-post","status-publish","format-standard","has-post-thumbnail","hentry","category-actualite","category-maroc"],"_links":{"self":[{"href":"https:\/\/linitiative.ca\/International\/wp-json\/wp\/v2\/posts\/16683","targetHints":{"allow":["GET"]}}],"collection":[{"href":"https:\/\/linitiative.ca\/International\/wp-json\/wp\/v2\/posts"}],"about":[{"href":"https:\/\/linitiative.ca\/International\/wp-json\/wp\/v2\/types\/post"}],"author":[{"embeddable":true,"href":"https:\/\/linitiative.ca\/International\/wp-json\/wp\/v2\/users\/1762"}],"replies":[{"embeddable":true,"href":"https:\/\/linitiative.ca\/International\/wp-json\/wp\/v2\/comments?post=16683"}],"version-history":[{"count":0,"href":"https:\/\/linitiative.ca\/International\/wp-json\/wp\/v2\/posts\/16683\/revisions"}],"wp:featuredmedia":[{"embeddable":true,"href":"https:\/\/linitiative.ca\/International\/wp-json\/"}],"wp:attachment":[{"href":"https:\/\/linitiative.ca\/International\/wp-json\/wp\/v2\/media?parent=16683"}],"wp:term":[{"taxonomy":"category","embeddable":true,"href":"https:\/\/linitiative.ca\/International\/wp-json\/wp\/v2\/categories?post=16683"},{"taxonomy":"post_tag","embeddable":true,"href":"https:\/\/linitiative.ca\/International\/wp-json\/wp\/v2\/tags?post=16683"}],"curies":[{"name":"wp","href":"https:\/\/api.w.org\/{rel}","templated":true}]}}