{"id":16691,"date":"2019-02-23T07:36:59","date_gmt":"2019-02-23T12:36:59","guid":{"rendered":"https:\/\/linitiative.ca\/International\/oiseaux-migrateurs-absence-des-limicoles-dans-les-zones-humides-oranaises\/"},"modified":"2019-02-23T07:36:59","modified_gmt":"2019-02-23T12:36:59","slug":"oiseaux-migrateurs-absence-des-limicoles-dans-les-zones-humides-oranaises","status":"publish","type":"post","link":"https:\/\/linitiative.ca\/International\/oiseaux-migrateurs-absence-des-limicoles-dans-les-zones-humides-oranaises\/","title":{"rendered":"Oiseaux migrateurs: absence des limicoles dans les zones humides oranaises"},"content":{"rendered":"<div>\n<div class=\"K2FeedImage\"><img decoding=\"async\" src=\"http:\/\/www.aps.dz\/media\/k2\/items\/cache\/309f34346c5cb82553826976589c4f74_S.jpg\" alt=\"Oiseaux migrateurs: absence des limicoles dans les zones humides oranaises\"><\/div>\n<div class=\"K2FeedIntroText\">\n<p>ORAN &#8211; Le d\u00e9nombrement hivernal des oiseaux migrateurs au niveau des huit zones humides de la wilaya d\u2019Oran pour l\u2019ann\u00e9e 2019, a r\u00e9v\u00e9l\u00e9 l\u2019absence de deux esp\u00e8ces de limicoles (petits \u00e9chassiers) cette ann\u00e9e, a-t-on appris aupr\u00e8s de la conservation des for\u00eats.<\/p>\n<\/div>\n<div class=\"K2FeedFullText\">\n<blockquote>\n<p><em><strong>Le d\u00e9nombrement fait \u00e9tat d\u2019une pr\u00e9sence en force du flamant rose (35.000), concentr\u00e9 au niveau du lac T\u00e9lamine notamment, d&rsquo;une diminution des anatid\u00e9s (canards, oies) et d&rsquo;une absence des limicoles, a indiqu\u00e9 le chef du r\u00e9seau d\u2019ornithologie de la r\u00e9gion ouest relevant de la conservation des for\u00eats.<\/strong><\/em><\/p>\n<\/blockquote>\n<p>17 esp\u00e8ces prot\u00e9g\u00e9es ont \u00e9t\u00e9 observ\u00e9es au cours du d\u00e9nombrement de l\u2019ann\u00e9e 2018, deux esp\u00e8ces ne figurent plus dans le d\u00e9nombrement de l\u2019ann\u00e9e 2019, \u00e0 savoir l\u2019oie cendr\u00e9e et le h\u00e9ron pourpr\u00e9, avec comme total 15 esp\u00e8ces prot\u00e9g\u00e9es, note le m\u00eame responsable.<\/p>\n<p>\u00ab\u00a0Il est difficile d\u2019expliquer cette absence, qui peut avoir pour origine les changements climatiques ou la pollution\u00a0\u00bb, dit-il, faisant savoir que des pr\u00e9l\u00e8vements sont r\u00e9guli\u00e8rement faits dans les zones humides pour d\u00e9finir la qualit\u00e9 d\u2019eau.<\/p>\n<hr>\n<p>\u00a0<a href=\"http:\/\/www.aps.dz\/algerie\/57388\">Lire aussi: Journ\u00e9e mondiale des oiseaux migrateurs: l&rsquo;ONU met en avant le destin commun pour les animaux et les humains<\/a><\/p>\n<hr>\n<p>\u00ab\u00a0La pollution ne semble pourtant pas perturber certaines esp\u00e8ces, le flamant rose en particulier, qui hiverne dans le lac T\u00e9lamine, extr\u00eamement pollu\u00e9\u00a0\u00bb, a soulign\u00e9 M. Chami.<\/p>\n<p>Pour lui, il est n\u00e9cessaire de mener des \u00e9tudes pour savoir les conditions et les \u00e9l\u00e9ments qui favorisent ou perturbent l\u2019hivernation des esp\u00e8ces. La conservation des for\u00eats est responsable du d\u00e9nombrement uniquement, a-t-il d\u00e9clar\u00e9.<\/p>\n<p>Le bilan du d\u00e9nombrement fait \u00e9tat de la pr\u00e9sence de 36 esp\u00e8ces (15 prot\u00e9g\u00e9es et 21 non prot\u00e9g\u00e9es), soit plus de 42.900 t\u00eates dont 35.000 de flamants roses.<\/p>\n<p>\u00a0\u00a0\u00a0\u00a0\u00a0\u00a0\u00a0\u00a0\u00a0\u00a0\u00a0\u00a0\u00a0\u00a0\u00a0<\/p>\n<\/div>\n<\/div>\n<p>Auteur:<br \/>\n<a href=\"http:\/\/www.aps.dz\/regions\/85992-oiseaux-migrateurs-absence-des-limicoles-dans-les-zones-humides-oranaises\">Cliquez ici pour lire l&rsquo;article depuis sa source.<\/a><\/p>\n","protected":false},"excerpt":{"rendered":"<p>ORAN &#8211; Le d\u00e9nombrement hivernal des oiseaux migrateurs au niveau des huit zones humides de la wilaya d\u2019Oran pour l\u2019ann\u00e9e 2019, a r\u00e9v\u00e9l\u00e9 l\u2019absence de deux esp\u00e8ces de limicoles (petits \u00e9chassiers) cette ann\u00e9e, a-t-on appris aupr\u00e8s de la conservation des for\u00eats. Le d\u00e9nombrement fait \u00e9tat d\u2019une pr\u00e9sence en force du flamant rose (35.000), concentr\u00e9 au [&hellip;]<\/p>\n","protected":false},"author":1790,"featured_media":16692,"comment_status":"closed","ping_status":"closed","sticky":false,"template":"","format":"standard","meta":{"fifu_image_url":"","fifu_image_alt":"","footnotes":""},"categories":[53,76],"tags":[],"class_list":["post-16691","post","type-post","status-publish","format-standard","has-post-thumbnail","hentry","category-algerie","category-regions"],"_links":{"self":[{"href":"https:\/\/linitiative.ca\/International\/wp-json\/wp\/v2\/posts\/16691","targetHints":{"allow":["GET"]}}],"collection":[{"href":"https:\/\/linitiative.ca\/International\/wp-json\/wp\/v2\/posts"}],"about":[{"href":"https:\/\/linitiative.ca\/International\/wp-json\/wp\/v2\/types\/post"}],"author":[{"embeddable":true,"href":"https:\/\/linitiative.ca\/International\/wp-json\/wp\/v2\/users\/1790"}],"replies":[{"embeddable":true,"href":"https:\/\/linitiative.ca\/International\/wp-json\/wp\/v2\/comments?post=16691"}],"version-history":[{"count":0,"href":"https:\/\/linitiative.ca\/International\/wp-json\/wp\/v2\/posts\/16691\/revisions"}],"wp:featuredmedia":[{"embeddable":true,"href":"https:\/\/linitiative.ca\/International\/wp-json\/"}],"wp:attachment":[{"href":"https:\/\/linitiative.ca\/International\/wp-json\/wp\/v2\/media?parent=16691"}],"wp:term":[{"taxonomy":"category","embeddable":true,"href":"https:\/\/linitiative.ca\/International\/wp-json\/wp\/v2\/categories?post=16691"},{"taxonomy":"post_tag","embeddable":true,"href":"https:\/\/linitiative.ca\/International\/wp-json\/wp\/v2\/tags?post=16691"}],"curies":[{"name":"wp","href":"https:\/\/api.w.org\/{rel}","templated":true}]}}