{"id":16729,"date":"2019-02-23T15:14:10","date_gmt":"2019-02-23T20:14:10","guid":{"rendered":"https:\/\/linitiative.ca\/International\/international-real-il-y-a-de-quoi-sinquieter-pour-sergio-ramos\/"},"modified":"2019-02-23T15:14:10","modified_gmt":"2019-02-23T20:14:10","slug":"international-real-il-y-a-de-quoi-sinquieter-pour-sergio-ramos","status":"publish","type":"post","link":"https:\/\/linitiative.ca\/International\/international-real-il-y-a-de-quoi-sinquieter-pour-sergio-ramos\/","title":{"rendered":"International : Real : Il y a de quoi s&rsquo;inqui\u00e9ter pour Sergio Ramos&#8230;"},"content":{"rendered":"<div readability=\"32\">\n<p>Auteur : <span class=\"time\">samedi 23 f\u00e9vrier 2019 20:11<\/span><\/p>\n<\/div>\n<div id=\"post_core\" readability=\"59\">\n<p>En marge du huiti\u00e8me de finale aller de Ligue des Champions entre l&rsquo;Ajax et le Real Madrid (1-2), Sergio Ramos, le capitaine merengue, avait \u00e9cop\u00e9 d&rsquo;un avertissement alors qu&rsquo;il restait quelques minutes \u00e0 jouer. Un carton jaune cens\u00e9 le priver du match retour, encaiss\u00e9 de mani\u00e8re volontaire afin de ne pas d&rsquo;exposer \u00e0 une suspension en vue d&rsquo;un \u00e9ventuel quart de finale, comme l&rsquo;a indirectement (et maladroitement) affirm\u00e9 le principal int\u00e9ress\u00e9 apr\u00e8s la rencontre.\u00a0<\/p>\n<p>En parall\u00e8le, le comit\u00e9 de contr\u00f4le et d&rsquo;\u00e9thique de l&rsquo;UEFA a rendu son verdict \u00e0 propos du cas du milieu de terrain de Valence, Geoffrey Kondogbia, \u00e0 qui il \u00e9tait reproch\u00e9 d&rsquo;avoir lui aussi provoqu\u00e9 volontairement un carton jaune, et ce de mani\u00e8re moins flagrante que le capitaine de la Maison Blanche comme le souligne Goal. Et sans surprise, l&rsquo;ancien joueur de l&rsquo;AS Monaco a \u00e9cop\u00e9 de deux matches de suspension, soit l&rsquo;\u00e9quivalent d&rsquo;une rencontre en plus que celle qu&rsquo;il aurait initialement eu \u00e0 purger.\u00a0<\/p>\n<p>De ce fait, le club merengue peut l\u00e9gitimement s&rsquo;inqui\u00e9ter pour son d\u00e9fenseur central, qui a de grandes choses d&rsquo;\u00eatre sanctionn\u00e9 de la m\u00eame mani\u00e8re que Geoffrey Kondogbia. Il semble d\u00e9sormais tr\u00e8s peu probable que l&rsquo;international espagnol n&rsquo;\u00e9cope que d&rsquo;un seul match de suspension.<\/p>\n<p><strong>Publi\u00e9 dans :<\/strong> <span>real madrid<\/span><\/p>\n<\/div>\n<p>Auteur:<br \/>\n<a href=\"http:\/\/www.lebuteur.com\/article\/detail?titre=real-il-y-a-de-quoi-sinquieter-pour-sergio-ramos&#038;id=86634&#038;utm_source=feedburner&#038;utm_medium=feed&#038;utm_campaign=Feed%3A+GalerieFArtciles+%28Les+derniers+articles++-+lebuteur.com%29\">Cliquez ici pour lire l&rsquo;article depuis sa source.<\/a><\/p>\n","protected":false},"excerpt":{"rendered":"<p>Auteur : samedi 23 f\u00e9vrier 2019 20:11 En marge du huiti\u00e8me de finale aller de Ligue des Champions entre l&rsquo;Ajax et le Real Madrid (1-2), Sergio Ramos, le capitaine merengue, avait \u00e9cop\u00e9 d&rsquo;un avertissement alors qu&rsquo;il restait quelques minutes \u00e0 jouer. Un carton jaune cens\u00e9 le priver du match retour, encaiss\u00e9 de mani\u00e8re volontaire afin [&hellip;]<\/p>\n","protected":false},"author":1738,"featured_media":16730,"comment_status":"closed","ping_status":"closed","sticky":false,"template":"","format":"standard","meta":{"fifu_image_url":"","fifu_image_alt":"","footnotes":""},"categories":[53,75],"tags":[],"class_list":["post-16729","post","type-post","status-publish","format-standard","has-post-thumbnail","hentry","category-algerie","category-sport"],"_links":{"self":[{"href":"https:\/\/linitiative.ca\/International\/wp-json\/wp\/v2\/posts\/16729","targetHints":{"allow":["GET"]}}],"collection":[{"href":"https:\/\/linitiative.ca\/International\/wp-json\/wp\/v2\/posts"}],"about":[{"href":"https:\/\/linitiative.ca\/International\/wp-json\/wp\/v2\/types\/post"}],"author":[{"embeddable":true,"href":"https:\/\/linitiative.ca\/International\/wp-json\/wp\/v2\/users\/1738"}],"replies":[{"embeddable":true,"href":"https:\/\/linitiative.ca\/International\/wp-json\/wp\/v2\/comments?post=16729"}],"version-history":[{"count":0,"href":"https:\/\/linitiative.ca\/International\/wp-json\/wp\/v2\/posts\/16729\/revisions"}],"wp:featuredmedia":[{"embeddable":true,"href":"https:\/\/linitiative.ca\/International\/wp-json\/"}],"wp:attachment":[{"href":"https:\/\/linitiative.ca\/International\/wp-json\/wp\/v2\/media?parent=16729"}],"wp:term":[{"taxonomy":"category","embeddable":true,"href":"https:\/\/linitiative.ca\/International\/wp-json\/wp\/v2\/categories?post=16729"},{"taxonomy":"post_tag","embeddable":true,"href":"https:\/\/linitiative.ca\/International\/wp-json\/wp\/v2\/tags?post=16729"}],"curies":[{"name":"wp","href":"https:\/\/api.w.org\/{rel}","templated":true}]}}