{"id":16762,"date":"2019-02-23T07:19:27","date_gmt":"2019-02-23T12:19:27","guid":{"rendered":"https:\/\/linitiative.ca\/International\/85991-jm-oran-2021-les-preparatifs-avancent-positivement-se-felicite-l-emissaire-du-cijm\/"},"modified":"2019-02-23T07:19:27","modified_gmt":"2019-02-23T12:19:27","slug":"85991-jm-oran-2021-les-preparatifs-avancent-positivement-se-felicite-l-emissaire-du-cijm","status":"publish","type":"post","link":"https:\/\/linitiative.ca\/International\/85991-jm-oran-2021-les-preparatifs-avancent-positivement-se-felicite-l-emissaire-du-cijm\/","title":{"rendered":"JM Oran-2021: les pr\u00e9paratifs avancent positivement, se f\u00e9licite la CIJM"},"content":{"rendered":"<div>\n<div class=\"K2FeedImage\"><img decoding=\"async\" src=\"http:\/\/www.aps.dz\/media\/k2\/items\/cache\/612f55cc5895135a1a93a464b569de8d_S.jpg\" alt=\"JM Oran-2021: les pr\u00e9paratifs avancent positivement, se f\u00e9licite la CIJM\"><\/div>\n<div class=\"K2FeedIntroText\">\n<p><strong>ORAN &#8211; Les pr\u00e9paratifs de la ville d&rsquo;Oran pour accueillir la 19e \u00e9dition des Jeux m\u00e9diterran\u00e9ens en 2021 avancent d\u2019une mani\u00e8re \u00ab\u00a0tr\u00e8s positive\u00a0\u00bb, s&rsquo;est f\u00e9licit\u00e9 samedi \u00e0 Oran le pr\u00e9sident de la commission de coordination du Comit\u00e9 international de ces jeux (CIJM), Bernard Amslem.<\/strong><\/p>\n<\/div>\n<div class=\"K2FeedFullText\">\n<p>\u00ab\u00a0Je repars tr\u00e8s optimiste quant \u00e0 une organisation de qualit\u00e9 de la 19e \u00e9dition des JM, apr\u00e8s les diff\u00e9rentes r\u00e9unions que nous venons de tenir avec les organisateurs locaux\u00a0\u00bb, a d\u00e9clar\u00e9\u00a0 Amslem au cours d\u2019une conf\u00e9rence de presse organis\u00e9e au niveau du si\u00e8ge du comit\u00e9 national de l\u2019organisation des JM, \u00e0 l\u2019issue d\u2019une visite de deux jours dans la capitale de l\u2019Ouest du pays.\u00a0<\/p>\n<p>Il s\u2019agit de la deuxi\u00e8me r\u00e9union du comit\u00e9 de coordination qui s\u2019\u00e9tait \u00e9galement rendu \u00e0 Oran en septembre pass\u00e9 et qui pr\u00e9voit d&rsquo;y revenir en juin prochain, selon son pr\u00e9sident.<\/p>\n<hr>\n<h3>Lire aussi:\u00a0<a href=\"http:\/\/www.aps.dz\/sport\/83127-jeux-mediterraneens-2021-oran-deja-dans-le-vif-du-sujet\" target=\"_blank\" rel=\"noopener noreferrer\">Jeux M\u00e9diterran\u00e9ens 2021: Oran d\u00e9j\u00e0 dans le vif du sujet<\/a><\/h3>\n<hr>\n<blockquote>\n<p><em><strong>\u00ab\u00a0J\u2019ai not\u00e9 avec satisfaction que le comit\u00e9 d\u2019organisation local s\u2019est renforc\u00e9 par des sp\u00e9cialistes dans les diff\u00e9rents domaines li\u00e9s \u00e0 la pr\u00e9paration des JM, ce qui a permis de donner un nouveau souffle aux pr\u00e9paratifs par rapport \u00e0 ce que nous avions constat\u00e9 lors de notre premier s\u00e9jour dans cette ville\u00a0\u00bb, s\u2019est encore r\u00e9joui le Fran\u00e7ais.<\/strong><\/em><\/p>\n<\/blockquote>\n<p>Le m\u00eame responsable a notamment mis en relief \u00ab\u00a0la qualit\u00e9 des infrastructures sportives en cours de r\u00e9alisation \u00e0 Oran, ainsi que celles subissant de vastes op\u00e9rations de r\u00e9novation\u00a0\u00bb, ajoutant qu\u2019un tel acquis \u00ab\u00a0va booster davantage le sport alg\u00e9rien apr\u00e8s les JM\u00a0\u00bb.<\/p>\n<p>Cela n\u2019a pas emp\u00each\u00e9 toutefois l\u2019\u00e9missaire du CIJM de reconna\u00eetre \u00ab\u00a0qu\u2019il restait encore du travail \u00e0 accomplir\u00a0\u00bb, tout en se montrant \u00ab\u00a0optimiste quant \u00e0 son ach\u00e8vement dans les meilleurs d\u00e9lais\u00a0\u00bb.<\/p>\n<p>Dans la foul\u00e9e, il a inform\u00e9 que des d\u00e9cisions finales seront prises dans les mois \u00e0 venir concernant les disciplines sportives qui seront programm\u00e9es lors de cette manifestation sportive r\u00e9gionale.<\/p>\n<hr>\n<h3>Lire aussi:\u00a0<a href=\"http:\/\/www.aps.dz\/sport\/80749-jm-2021-d-oran-les-nouvelles-infrastructures-sportives-seront-livrees-dans-les-delais\" target=\"_blank\" rel=\"noopener noreferrer\">JM 2021 d&rsquo;Oran: les nouvelles infrastructures sportives seront livr\u00e9es dans les d\u00e9lais<\/a><\/h3>\n<hr>\n<p>A ce propos, il a inform\u00e9 que la partie alg\u00e9rienne a souhait\u00e9 notamment int\u00e9grer certaines sp\u00e9cialit\u00e9s en athl\u00e9tisme, \u00e0 l\u2019image des d\u00e9cathlon, saut \u00e0 la p\u00eache et triple saut, sans oublier l\u2019handisport, \u00ab\u00a0mais il reviendra \u00e0 la commission technique d\u2019y trancher\u00a0\u00bb, a-t-il pr\u00e9cis\u00e9.<\/p>\n<p>\u00ab\u00a0C\u2019est le cas de le dire s\u2019agissant \u00e9galement du football, \u00e9tant donn\u00e9 que la question demeure toujours pos\u00e9e au sujet de la cat\u00e9gorie qui sera appel\u00e9e \u00e0 disputer les JM. A cet effet, l\u2019on devra choisir entre les U21 et les U23\u00a0\u00bb, a-t-il indiqu\u00e9.<\/p>\n<p>Lors de la pr\u00e9c\u00e9dente \u00e9dition d\u00e9roul\u00e9e en 2018 \u00e0 Tarragone (Espagne), les s\u00e9lections pr\u00e9sentes avaient particip\u00e9 avec leurs \u00e9quipes des U21, rappelle-t-on.<\/p>\n<p>Enfin, Bernard Amslem a rappel\u00e9 que l\u2019aspect \u00e9cologique sera pris en consid\u00e9ration lors de la prochaine \u00e9dition qui sera \u00ab\u00a0une aubaine pour sensibiliser les diff\u00e9rentes factions de la soci\u00e9t\u00e9, notamment les \u00e9coliers et les \u00e9tudiants, concernant la n\u00e9cessit\u00e9 de pr\u00e9server l\u2019environnement\u00a0\u00bb, a-t-il insist\u00e9.<\/p>\n<\/div>\n<p><img loading=\"lazy\" decoding=\"async\" src=\"http:\/\/feeds.feedburner.com\/~r\/aps-sport\/~4\/7KzwUcQUdjk\" height=\"1\" width=\"1\" alt=\"\"><\/div>\n<p>Auteur:<br \/>\n<a href=\"http:\/\/www.aps.dz\/sport\/85991-jm-oran-2021-les-preparatifs-avancent-positivement-se-felicite-l-emissaire-du-cijm?utm_source=feedburner&#038;utm_medium=feed&#038;utm_campaign=Feed%3A+aps-sport+%28APS+-+SPORT%29\">Cliquez ici pour lire l&rsquo;article depuis sa source.<\/a><\/p>\n","protected":false},"excerpt":{"rendered":"<p>ORAN &#8211; Les pr\u00e9paratifs de la ville d&rsquo;Oran pour accueillir la 19e \u00e9dition des Jeux m\u00e9diterran\u00e9ens en 2021 avancent d\u2019une mani\u00e8re \u00ab\u00a0tr\u00e8s positive\u00a0\u00bb, s&rsquo;est f\u00e9licit\u00e9 samedi \u00e0 Oran le pr\u00e9sident de la commission de coordination du Comit\u00e9 international de ces jeux (CIJM), Bernard Amslem. \u00ab\u00a0Je repars tr\u00e8s optimiste quant \u00e0 une organisation de qualit\u00e9 de [&hellip;]<\/p>\n","protected":false},"author":1790,"featured_media":16763,"comment_status":"closed","ping_status":"closed","sticky":false,"template":"","format":"standard","meta":{"fifu_image_url":"","fifu_image_alt":"","footnotes":""},"categories":[53,75],"tags":[],"class_list":["post-16762","post","type-post","status-publish","format-standard","has-post-thumbnail","hentry","category-algerie","category-sport"],"_links":{"self":[{"href":"https:\/\/linitiative.ca\/International\/wp-json\/wp\/v2\/posts\/16762","targetHints":{"allow":["GET"]}}],"collection":[{"href":"https:\/\/linitiative.ca\/International\/wp-json\/wp\/v2\/posts"}],"about":[{"href":"https:\/\/linitiative.ca\/International\/wp-json\/wp\/v2\/types\/post"}],"author":[{"embeddable":true,"href":"https:\/\/linitiative.ca\/International\/wp-json\/wp\/v2\/users\/1790"}],"replies":[{"embeddable":true,"href":"https:\/\/linitiative.ca\/International\/wp-json\/wp\/v2\/comments?post=16762"}],"version-history":[{"count":0,"href":"https:\/\/linitiative.ca\/International\/wp-json\/wp\/v2\/posts\/16762\/revisions"}],"wp:featuredmedia":[{"embeddable":true,"href":"https:\/\/linitiative.ca\/International\/wp-json\/"}],"wp:attachment":[{"href":"https:\/\/linitiative.ca\/International\/wp-json\/wp\/v2\/media?parent=16762"}],"wp:term":[{"taxonomy":"category","embeddable":true,"href":"https:\/\/linitiative.ca\/International\/wp-json\/wp\/v2\/categories?post=16762"},{"taxonomy":"post_tag","embeddable":true,"href":"https:\/\/linitiative.ca\/International\/wp-json\/wp\/v2\/tags?post=16762"}],"curies":[{"name":"wp","href":"https:\/\/api.w.org\/{rel}","templated":true}]}}