{"id":16808,"date":"2019-02-23T15:18:04","date_gmt":"2019-02-23T20:18:04","guid":{"rendered":"https:\/\/linitiative.ca\/International\/presidentielle-senegalaise-le-departement-de-thies-est-fin-pret-prefet\/"},"modified":"2019-02-23T15:18:04","modified_gmt":"2019-02-23T20:18:04","slug":"presidentielle-senegalaise-le-departement-de-thies-est-fin-pret-prefet","status":"publish","type":"post","link":"https:\/\/linitiative.ca\/International\/presidentielle-senegalaise-le-departement-de-thies-est-fin-pret-prefet\/","title":{"rendered":"Pr\u00e9sidentielle s\u00e9n\u00e9galaise : \u00ab le d\u00e9partement de Thi\u00e8s est fin pr\u00eat \u00bb (Pr\u00e9fet)"},"content":{"rendered":"<div readability=\"32\">\n<p>Publi\u00e9 le 23.02.2019 \u00e0 21h18 par APA News<\/p>\n<\/div>\n<div readability=\"117\">\n<p>Fod\u00e9 Fall, le Pr\u00e9fet de Thi\u00e8s (ouest) a soutenu, samedi soir, que son d\u00e9partement est fin pr\u00eat pour l\u2019\u00e9lection pr\u00e9sidentielle de ce dimanche puisque toutes les dispositions, garantissant la bonne tenue du scrutin, ont \u00e9t\u00e9 prises.\u00ab Nous sommes fin pr\u00eats pour engager le vote de demain. Actuellement, tout le mat\u00e9riel \u00e9lectoral est r\u00e9ceptionn\u00e9 et une bonne partie est d\u00e9j\u00e0 mise en place dans les bureaux de vote. Les effectifs de militaires, de gendarmes et de policiers sont disponibles \u00bb, a notamment d\u00e9clar\u00e9 Fod\u00e9 Fall qui a pris service le 6 janvier 2017.<\/p>\n<p>Le Pr\u00e9fet de Thi\u00e8s a aussi indiqu\u00e9 que les forces de l\u2019ordre \u00ab ont pris possession des lieux de vote puisqu\u2019ils accueillent le mat\u00e9riel \u00e9lectoral \u00bb. En outre, il a inform\u00e9 que \u00a0\u00ab dans le d\u00e9partement de Thi\u00e8s, il y a 363 501 \u00e9lecteurs, 290 lieux de vote et 774 bureaux de vote \u00bb.<\/p>\n<p>Apr\u00e8s la capitale Dakar (ouest) qui compte 1 687 826 \u00e9lecteurs, la r\u00e9gion de Thi\u00e8s arrive en deuxi\u00e8me position avec 901 216 \u00e9lecteurs. Pour donner la possibilit\u00e9 de voter \u00e0 tous les citoyens qui en expriment le besoin, les services d\u00e9partementaux ont redoubl\u00e9 d\u2019efforts pour distribuer le maximum de cartes d\u2019identit\u00e9 biom\u00e9trique.\u00a0<\/p>\n<p>\u00ab Nous avons un taux de distribution de cartes d\u2019identit\u00e9 biom\u00e9trique assez satisfaisant. Selon notre \u00e9valuation de la semaine derni\u00e8re, il y avait 14 000 cartes non distribu\u00e9es. Nous esp\u00e9rons \u00eatre en de\u00e7a des 5000 cartes non distribu\u00e9es. Les retraits s\u2019arr\u00eateront ce soir \u00e0 minuit \u00bb, a renseign\u00e9 M. Fall.<\/p>\n<p>A quelques encablures de la Pr\u00e9fecture de Thi\u00e8s, se trouve la Commission \u00e9lectorale d\u00e9partementale autonome (Ceda). En file indienne, des hommes et des femmes attendent patiemment leur tour pour acc\u00e9der dans le b\u00e2timent dont l\u2019entr\u00e9e est filtr\u00e9e par un policier. Tous n\u2019ont qu\u2019un seul objectif : \u00eatre recrut\u00e9 comme superviseur ou contr\u00f4leur de la pr\u00e9sidentielle. Difficile de faire r\u00e9gner l\u2019ordre tant les aspirants sont conscients que les postes \u00e0 pourvoir sont inf\u00e9rieurs \u00e0 la demande.\u00a0<\/p>\n<p>La quarantaine r\u00e9volue, Abdou Mbaye, porte-document \u00e0 la main, a eu de la chance. \u00ab Je dois superviser le scrutin pour le compte de la Commission \u00e9lectorale d\u00e9partementale autonome (Ceda) de Thi\u00e8s. Ma mission est de v\u00e9rifier s\u2019il y a ou non des manquements. En somme, je dois veiller \u00e0 ce que tout se passe bien le jour-j \u00bb, a-t-il fait savoir.\u00a0<\/p>\n<p><ins data-revive-zoneid=\"9\" data-revive-id=\"10111e19d28d19d031742ee3b0b33eb0\"\/> <\/p>\n<p>Cet enseignant d\u2019un \u00e9tablissement du secondaire \u00e0 Bambey (centre) participe \u00e0 l\u2019organisation d\u2019une \u00e9lection en tant superviseur pour la troisi\u00e8me fois. En effet, Abdou Mbaye a effectu\u00e9 ce travail \u00e0 la pr\u00e9c\u00e9dente pr\u00e9sidentielle, aux l\u00e9gislatives et au r\u00e9f\u00e9rendum qui ont suivi.\u00a0<\/p>\n<p>Convaincu que sa t\u00e2che est \u00ab un service rendu \u00e0 la Nation \u00bb, \u00a0M. Mbaye a tout de m\u00eame affirm\u00e9 qu\u2019il per\u00e7oit \u00ab de l\u2019argent mais ce n\u2019est pas ce qui (le) motive principalement \u00bb. Les superviseurs et les contr\u00f4leurs de la pr\u00e9sidentielle re\u00e7oivent une indemnit\u00e9 de 20 000 F CFA correspondant notamment aux frais de transport et de communication. \u00a0<\/p>\n<p>A la t\u00eate de la Ceda de Thi\u00e8s depuis 1998, Adama Kant\u00e9 a soulign\u00e9 que \u00ab 1070 contr\u00f4leurs et superviseurs \u00bb, compos\u00e9s entre autres d\u2019enseignants, d\u2019agents de la sant\u00e9, de fonctionnaires, de policiers et de gendarmes \u00e0 la retraite, seront actifs dans son d\u00e9partement. Poursuivant, le pr\u00e9sident de la Ceda a dit qu\u2019il doit \u00ab installer un contr\u00f4leur dans chaque bureau de vote et un superviseur dans chaque lieu de vote \u00bb. Depuis hier vendredi, ces derniers re\u00e7oivent leurs outils de travail pour mener \u00e0 bien leur mission.\u00a0<\/p>\n<p>Visiblement soulag\u00e9, Amdy Diallo, \u00e2g\u00e9 de 65 ans explique qu\u2019il va participer \u00e0 sa 8\u00e8me \u00e9lection au niveau de la r\u00e9gion de Thi\u00e8s. \u00ab Ma premi\u00e8re, c\u2019\u00e9tait la pr\u00e9sidentielle de 1993. J\u2019ai \u00e9t\u00e9 contr\u00f4leur jusqu\u2019aux derni\u00e8res l\u00e9gislatives. Pour la pr\u00e9sidentielle de demain, j\u2019ai \u00e9t\u00e9 pris comme superviseur. Quand on a ce r\u00f4le, on ne reste pas \u00e0 un seul endroit. Il faut faire le tour des bureaux de vote de son centre \u00bb, a-t-il fait noter.\u00a0<\/p>\n<\/div>\n<p>Auteur: APA News<br \/>\n<a href=\"https:\/\/www.journalducameroun.com\/presidentielle-senegalaise-le-departement-de-thies-est-fin-pret-prefet\/\">Cliquez ici pour lire l&rsquo;article depuis sa source.<\/a><\/p>\n","protected":false},"excerpt":{"rendered":"<p>Publi\u00e9 le 23.02.2019 \u00e0 21h18 par APA News Fod\u00e9 Fall, le Pr\u00e9fet de Thi\u00e8s (ouest) a soutenu, samedi soir, que son d\u00e9partement est fin pr\u00eat pour l\u2019\u00e9lection pr\u00e9sidentielle de ce dimanche puisque toutes les dispositions, garantissant la bonne tenue du scrutin, ont \u00e9t\u00e9 prises.\u00ab Nous sommes fin pr\u00eats pour engager le vote de demain. Actuellement, [&hellip;]<\/p>\n","protected":false},"author":1965,"featured_media":0,"comment_status":"closed","ping_status":"closed","sticky":false,"template":"","format":"standard","meta":{"fifu_image_url":"","fifu_image_alt":"","footnotes":""},"categories":[73,82],"tags":[],"class_list":["post-16808","post","type-post","status-publish","format-standard","hentry","category-actualite","category-cameroun"],"_links":{"self":[{"href":"https:\/\/linitiative.ca\/International\/wp-json\/wp\/v2\/posts\/16808","targetHints":{"allow":["GET"]}}],"collection":[{"href":"https:\/\/linitiative.ca\/International\/wp-json\/wp\/v2\/posts"}],"about":[{"href":"https:\/\/linitiative.ca\/International\/wp-json\/wp\/v2\/types\/post"}],"author":[{"embeddable":true,"href":"https:\/\/linitiative.ca\/International\/wp-json\/wp\/v2\/users\/1965"}],"replies":[{"embeddable":true,"href":"https:\/\/linitiative.ca\/International\/wp-json\/wp\/v2\/comments?post=16808"}],"version-history":[{"count":0,"href":"https:\/\/linitiative.ca\/International\/wp-json\/wp\/v2\/posts\/16808\/revisions"}],"wp:attachment":[{"href":"https:\/\/linitiative.ca\/International\/wp-json\/wp\/v2\/media?parent=16808"}],"wp:term":[{"taxonomy":"category","embeddable":true,"href":"https:\/\/linitiative.ca\/International\/wp-json\/wp\/v2\/categories?post=16808"},{"taxonomy":"post_tag","embeddable":true,"href":"https:\/\/linitiative.ca\/International\/wp-json\/wp\/v2\/tags?post=16808"}],"curies":[{"name":"wp","href":"https:\/\/api.w.org\/{rel}","templated":true}]}}