{"id":16880,"date":"2019-02-24T08:50:27","date_gmt":"2019-02-24T13:50:27","guid":{"rendered":"https:\/\/linitiative.ca\/International\/video-moulay-el-hassan-recoit-le-prince-harry-dangleterre-et-son-epouse\/"},"modified":"2019-02-24T08:50:27","modified_gmt":"2019-02-24T13:50:27","slug":"video-moulay-el-hassan-recoit-le-prince-harry-dangleterre-et-son-epouse","status":"publish","type":"post","link":"https:\/\/linitiative.ca\/International\/video-moulay-el-hassan-recoit-le-prince-harry-dangleterre-et-son-epouse\/","title":{"rendered":"Vid\u00e9o \u2013 Moulay El Hassan re\u00e7oit le Prince Harry d\u2019Angleterre et son \u00e9pouse"},"content":{"rendered":"<div class=\"wpsso-schema-image-for-pinterest c4\"><img loading=\"lazy\" decoding=\"async\" src=\"http:\/\/lobservateur.info\/wp-content\/uploads\/2019\/02\/SAR-le-Prince-H%C3%A9ritier-Moulay-El-Hassan-re%C3%A7oit-%C3%A0-Rabat-le-Prince-Harry-dAngleterre-et-son-%C3%A9pouse-M.jpg\" width=\"0\" height=\"0\" class=\"c3\" data-pin-description=\"Le Prince H\u00e9ritier Moulay El Hassan a re\u00e7u, samedi 24 f\u00e9vrier 2019, au Palais des H\u00f4tes \u00e0 Rabat, le Prince Harry d'Angleterre, duc de Sussex et son \u00e9pouse la princesse Meghan Markle, duchesse de Sussex, qui effectuent une visite dans le Royaume...\" alt=\"\"\/><\/div>\n<p><img loading=\"lazy\" decoding=\"async\" class=\"alignnone wp-image-57988 size-full\" src=\"http:\/\/lobservateur.info\/wp-content\/uploads\/2019\/02\/SAR-le-Prince-H%C3%A9ritier-Moulay-El-Hassan-re%C3%A7oit-%C3%A0-Rabat-le-Prince-Harry-dAngleterre-et-son-%C3%A9pouse-M.jpg\" alt=\"\" width=\"508\" height=\"291\" data-wp-pid=\"57988\"\/><\/p>\n<p>Le Prince H\u00e9ritier Moulay El Hassan a re\u00e7u, samedi 24 f\u00e9vrier 2019, au Palais des H\u00f4tes \u00e0 Rabat, le Prince Harry d\u2019Angleterre, duc de Sussex et son \u00e9pouse la princesse Meghan Markle, duchesse de Sussex, qui effectuent une visite dans le Royaume.<\/p>\n<p>A leur arriv\u00e9e au Palais des H\u00f4tes, le Prince Harry et son \u00e9pouse ont pass\u00e9 en revue un d\u00e9tachement de la Garde Royale qui rendait les honneurs, avant d\u2019\u00eatre convi\u00e9s \u00e0 la traditionnelle c\u00e9r\u00e9monie d\u2019offrande de lait et de dattes.<\/p>\n<p><iframe loading=\"lazy\" src=\"https:\/\/www.youtube.com\/embed\/SycAygTnXWs\" width=\"602\" height=\"360\" frameborder=\"0\" allowfullscreen=\"allowfullscreen\">[embedded content]<\/iframe><\/p>\n<p>Auteur: L&rsquo;observateur<br \/>\n<a href=\"http:\/\/lobservateur.info\/actualite\/video-moulay-el-hassan-recoit-le-prince-harry-dangleterre-et-son-epouse\/\">Cliquez ici pour lire l&rsquo;article depuis sa source.<\/a><\/p>\n","protected":false},"excerpt":{"rendered":"<p>Le Prince H\u00e9ritier Moulay El Hassan a re\u00e7u, samedi 24 f\u00e9vrier 2019, au Palais des H\u00f4tes \u00e0 Rabat, le Prince Harry d\u2019Angleterre, duc de Sussex et son \u00e9pouse la princesse Meghan Markle, duchesse de Sussex, qui effectuent une visite dans le Royaume. A leur arriv\u00e9e au Palais des H\u00f4tes, le Prince Harry et son \u00e9pouse [&hellip;]<\/p>\n","protected":false},"author":1762,"featured_media":16881,"comment_status":"closed","ping_status":"closed","sticky":false,"template":"","format":"standard","meta":{"fifu_image_url":"","fifu_image_alt":"","footnotes":""},"categories":[73,54],"tags":[],"class_list":["post-16880","post","type-post","status-publish","format-standard","has-post-thumbnail","hentry","category-actualite","category-maroc"],"_links":{"self":[{"href":"https:\/\/linitiative.ca\/International\/wp-json\/wp\/v2\/posts\/16880","targetHints":{"allow":["GET"]}}],"collection":[{"href":"https:\/\/linitiative.ca\/International\/wp-json\/wp\/v2\/posts"}],"about":[{"href":"https:\/\/linitiative.ca\/International\/wp-json\/wp\/v2\/types\/post"}],"author":[{"embeddable":true,"href":"https:\/\/linitiative.ca\/International\/wp-json\/wp\/v2\/users\/1762"}],"replies":[{"embeddable":true,"href":"https:\/\/linitiative.ca\/International\/wp-json\/wp\/v2\/comments?post=16880"}],"version-history":[{"count":0,"href":"https:\/\/linitiative.ca\/International\/wp-json\/wp\/v2\/posts\/16880\/revisions"}],"wp:featuredmedia":[{"embeddable":true,"href":"https:\/\/linitiative.ca\/International\/wp-json\/"}],"wp:attachment":[{"href":"https:\/\/linitiative.ca\/International\/wp-json\/wp\/v2\/media?parent=16880"}],"wp:term":[{"taxonomy":"category","embeddable":true,"href":"https:\/\/linitiative.ca\/International\/wp-json\/wp\/v2\/categories?post=16880"},{"taxonomy":"post_tag","embeddable":true,"href":"https:\/\/linitiative.ca\/International\/wp-json\/wp\/v2\/tags?post=16880"}],"curies":[{"name":"wp","href":"https:\/\/api.w.org\/{rel}","templated":true}]}}