{"id":16885,"date":"2019-02-24T10:48:01","date_gmt":"2019-02-24T15:48:01","guid":{"rendered":"https:\/\/linitiative.ca\/International\/marrakech-championnats-arabes-des-clubs-champions-de-judo\/"},"modified":"2019-02-24T10:48:01","modified_gmt":"2019-02-24T15:48:01","slug":"marrakech-championnats-arabes-des-clubs-champions-de-judo","status":"publish","type":"post","link":"https:\/\/linitiative.ca\/International\/marrakech-championnats-arabes-des-clubs-champions-de-judo\/","title":{"rendered":"Marrakech: Championnats arabes des clubs champions de judo"},"content":{"rendered":"<p><iframe loading=\"lazy\" width=\"1170\" height=\"658\" src=\"https:\/\/www.youtube.com\/embed\/HIjMlRwxkqM?feature=oembed\" frameborder=\"0\" allow=\"accelerometer; autoplay; encrypted-media; gyroscope; picture-in-picture\" allowfullscreen=\"\">[embedded content]<\/iframe><\/p>\n<div class=\"single-post-excerpt post-excerpt-bc\" readability=\"36\">\n<p>Marrakech \u2013 Le coup d\u2019envoi a \u00e9t\u00e9 donn\u00e9 jeudi dernier \u00e0 la salle couverte Zerktouni \u00e0 Marrakech, aux Championnats arabes des clubs champions de judo et \u00e0 la 10\u00e8me \u00e9dition de l\u2019Open de kata, avec la participation de 42 \u00e9quipes repr\u00e9sentant 13 pays.<\/p>\n<\/div>\n<p>Auteur: Meriem IGASS<br \/>\n<a href=\"http:\/\/www.mapmarrakech.ma\/fr\/coup-denvoi-a-marrakech-des-championnats-arabes-des-clubs-champions-de-judo-2\/\">Cliquez ici pour lire l&rsquo;article depuis sa source.<\/a><\/p>\n","protected":false},"excerpt":{"rendered":"<p>[embedded content] Marrakech \u2013 Le coup d\u2019envoi a \u00e9t\u00e9 donn\u00e9 jeudi dernier \u00e0 la salle couverte Zerktouni \u00e0 Marrakech, aux Championnats arabes des clubs champions de judo et \u00e0 la 10\u00e8me \u00e9dition de l\u2019Open de kata, avec la participation de 42 \u00e9quipes repr\u00e9sentant 13 pays. Auteur: Meriem IGASS Cliquez ici pour lire l&rsquo;article depuis sa [&hellip;]<\/p>\n","protected":false},"author":1788,"featured_media":0,"comment_status":"closed","ping_status":"closed","sticky":false,"template":"","format":"standard","meta":{"fifu_image_url":"","fifu_image_alt":"","footnotes":""},"categories":[54,76],"tags":[],"class_list":["post-16885","post","type-post","status-publish","format-standard","hentry","category-maroc","category-regions"],"_links":{"self":[{"href":"https:\/\/linitiative.ca\/International\/wp-json\/wp\/v2\/posts\/16885","targetHints":{"allow":["GET"]}}],"collection":[{"href":"https:\/\/linitiative.ca\/International\/wp-json\/wp\/v2\/posts"}],"about":[{"href":"https:\/\/linitiative.ca\/International\/wp-json\/wp\/v2\/types\/post"}],"author":[{"embeddable":true,"href":"https:\/\/linitiative.ca\/International\/wp-json\/wp\/v2\/users\/1788"}],"replies":[{"embeddable":true,"href":"https:\/\/linitiative.ca\/International\/wp-json\/wp\/v2\/comments?post=16885"}],"version-history":[{"count":0,"href":"https:\/\/linitiative.ca\/International\/wp-json\/wp\/v2\/posts\/16885\/revisions"}],"wp:attachment":[{"href":"https:\/\/linitiative.ca\/International\/wp-json\/wp\/v2\/media?parent=16885"}],"wp:term":[{"taxonomy":"category","embeddable":true,"href":"https:\/\/linitiative.ca\/International\/wp-json\/wp\/v2\/categories?post=16885"},{"taxonomy":"post_tag","embeddable":true,"href":"https:\/\/linitiative.ca\/International\/wp-json\/wp\/v2\/tags?post=16885"}],"curies":[{"name":"wp","href":"https:\/\/api.w.org\/{rel}","templated":true}]}}