{"id":16886,"date":"2019-02-24T11:19:56","date_gmt":"2019-02-24T16:19:56","guid":{"rendered":"https:\/\/linitiative.ca\/International\/presentation-a-marrakech-de-louvrage-lumieres-marocaines-un-voyage-unique-a-travers-la-creation-artistique-contemporaine-marocaine\/"},"modified":"2019-02-24T11:19:56","modified_gmt":"2019-02-24T16:19:56","slug":"presentation-a-marrakech-de-louvrage-lumieres-marocaines-un-voyage-unique-a-travers-la-creation-artistique-contemporaine-marocaine","status":"publish","type":"post","link":"https:\/\/linitiative.ca\/International\/presentation-a-marrakech-de-louvrage-lumieres-marocaines-un-voyage-unique-a-travers-la-creation-artistique-contemporaine-marocaine\/","title":{"rendered":"Pr\u00e9sentation \u00e0 Marrakech de l\u2019ouvrage \u00ab\u00a0Lumi\u00e8res Marocaines\u00a0\u00bb, un voyage unique \u00e0 travers la cr\u00e9ation artistique contemporaine marocaine"},"content":{"rendered":"<div readability=\"42\">\n<p>Marrakech \u2013 L\u2019ouvrage \u00ab\u00a0Lumi\u00e8res Marocaines\u00a0\u00bb a \u00e9t\u00e9 pr\u00e9sent\u00e9, samedi soir \u00e0 Marrakech, lors d\u2019une rencontre rehauss\u00e9e par la pr\u00e9sence d\u2019un ar\u00e9opage de personnalit\u00e9s du monde des arts, venues \u00e0 la d\u00e9couverte d\u2019un voyage unique \u00e0 travers la cr\u00e9ation contemporaine marocaine, avec un focus sur le travail et les \u0153uvres d\u2019une soixantaine d\u2019artistes (photographes, peintres, sculpteurs et plasticiens), qui composent une vision d\u2019aujourd\u2019hui dans toute sa diversit\u00e9.<\/p>\n<\/div>\n<div readability=\"141\">\n<p>Dernier \u00ab\u00a0opus\u00a0\u00bb de la collection \u00ab\u00a0les Routes de l\u2019Art\u00a0\u00bb de la Maison d\u2019\u00e9ditions \u00ab\u00a0Langages du Sud\u00a0\u00bb, ce magnifique ouvrage de 160 pages, sign\u00e9 par l\u2019\u00e9crivain de renomm\u00e9e Fouad Laroui, se veut ainsi un \u00ab\u00a0ouvrage de r\u00e9f\u00e9rence sur la sc\u00e8ne artistique marocaine contemporaine dont il souligne la richesse singuli\u00e8re et plurielle\u00a0\u00bb.<\/p>\n<p>Il livre \u00e9galement \u00ab\u00a0un \u00e9clairage fondamental sur les lieux de la cr\u00e9ation au sein du Royaume et l\u2019\u00e9mergence d\u2019espaces collectifs qui sont les produits de jeunes artistes et curateurs contemporains\u00a0\u00bb.<\/p>\n<p>Puisant ses influences dans les couleurs de la nature, le travail de la mati\u00e8re, les traditions artisanales et multiculturelles et en m\u00eame temps riche de son ouverture sur le monde et les nouvelles technologies, l\u2019art contemporain marocain est d\u00e9sormais incontournable sur la sc\u00e8ne mondiale. C\u2019est ainsi que \u00ab\u00a0Lumi\u00e8res Marocaines\u00a0\u00bb lui rend un vibrant hommage \u00e0 l\u2019instar de Fouad Laroui, ce grand po\u00e8te et \u00e9crivain, dont les livres et recueils sont publi\u00e9s et traduits dans une dizaine de pays et aur\u00e9ol\u00e9s de prix prestigieux.<\/p>\n<p>Et si ce f\u00e9ru d\u2019art contemporain, a souhait\u00e9 associer son nom \u00e0 ce bel ouvrage, c\u2019est parce que ses pages \u00ab\u00a0sont des le\u00e7ons de vie, de poignants commentaires port\u00e9s sur le monde qui est le n\u00f4tre, la persistance de la m\u00e9moire, la preuve que la nation est un singulier pluriel et que celle-ci est ouverte \u00e0 tous les vents\u2026 un catalogue de contradictions f\u00e9condes, un br\u00e9viaire de libert\u00e9\u2026 le Maroc, enfin\u00a0\u00bb.<\/p>\n<p>Electrique et foisonnante, la sc\u00e8ne artistique marocaine d\u2019aujourd\u2019hui est l\u2019une des plus actives du Maghreb et du continent africain, reconnue tant \u00e0 l\u2019int\u00e9rieur de ses fronti\u00e8res qu\u2019\u00e0 l\u2019international. Les soixante artistes r\u00e9unis dans ce beau livre sont, en effet, le reflet de cette vitalit\u00e9 cr\u00e9atrice du Maroc et de son identit\u00e9 plurielle.<\/p>\n<p>Figures pionni\u00e8res, ic\u00f4nes incontournables et jeunes cr\u00e9ateurs questionnent leur univers int\u00e9rieur autant que les probl\u00e9matiques d\u2019un monde en pleine mutation, repoussant toujours plus loin les exp\u00e9rimentations plastiques.<\/p>\n<p>Une dynamique \u00e9galement nourrie par les collectifs d\u2019artistes, r\u00e9unis ici pour la premi\u00e8re fois. Gr\u00e2ce \u00e0 l\u2019\u00e9clairage de l\u2019\u00e9crivain Fouad Laroui, laur\u00e9at du prix Goncourt de la nouvelle en 2013, l\u2019on suit autant de chemins lumineux qui, selon ses mots, ne donnent pas seulement \u00e0 voir ou ressentir, mais \u00ab\u00a0donnent \u00e0 vivre\u00a0\u00bb aussi.<\/p>\n<p>Dans une passionnante introduction de ce livre, Fouad Laroui explicite ainsi sa conception de l\u2019art bas\u00e9e sur la distinction entre l\u2019exp\u00e9rience esth\u00e9tique et l\u2019exp\u00e9rience existentielle, distinction qui donne son titre au texte : \u00ab\u00a0donner \u00e0 voir, donner \u00e0 vivre\u00a0\u00bb.<\/p>\n<p>Dans une d\u00e9claration \u00e0 la MAP, la directrice g\u00e9n\u00e9rale et fondatrice de la maison d\u2019\u00e9dition \u00ab\u00a0Langages du Sud\u00a0\u00bb, Mme Patricia Defever a relev\u00e9 que cet ouvrage s\u2019inscrit dans la lign\u00e9e de \u00ab\u00a0Lumi\u00e8res Africaines, l\u2019\u00e9lan contemporain\u00a0\u00bb publi\u00e9 en f\u00e9vrier 2018, ajoutant que \u00ab\u00a0notre volont\u00e9 \u00e9tait de r\u00e9aliser quelque chose sur la sc\u00e8ne artistique contemporaine marocaine\u00a0\u00bb.<\/p>\n<p>Elle a \u00e9galement indiqu\u00e9 que la pr\u00e9sentation de cet ouvrage dans la cit\u00e9 ocre intervient dans le cadre d\u2019une s\u00e9rie d\u2019autres rencontres similaires, dont la deuxi\u00e8me est pr\u00e9vue le 15 mars prochain \u00e0 Paris, alors qu\u2019une troisi\u00e8me aura lieu \u00e0 Rabat fin avril prochain, et qui sera rehauss\u00e9e par la pr\u00e9sence de M. Fouad Laroui.<\/p>\n<p>\u00ab\u00a0Cet ouvrage est l\u00e0 pour contribuer \u00e0 la mise en lumi\u00e8re de la sc\u00e8ne artistique contemporaine marocaine et, partant, au rayonnement du Royaume et de ses artistes\u00a0\u00bb, a soulign\u00e9 Mme Defever.<\/p>\n<p>Lors de cette rencontre, l\u2019assistance a \u00e9t\u00e9 aussi invit\u00e9e \u00e0 un autre voyage \u00e0 travers l\u2019exp\u00e9rience artistique de certains artistes pr\u00e9sents dans cet ouvrage tels M\u2019Barek Bouhchichi, Safaa Erruas, Yassine Balbzioui et Walid Layadi-Marfouk, qui ont anim\u00e9 un panel autour du th\u00e8me \u00ab\u00a0Regards d\u2019artistes- l\u2019art contemporain marocain dans la dynamique africaine\u00a0\u00bb.<\/p>\n<p>Les pan\u00e9listes ont ainsi abord\u00e9 l\u2019art marocain dans son contexte africain, en partant de leurs exp\u00e9riences \u00e0 travers le continent et leurs regards personnels.<\/p>\n<p>Ils ont insist\u00e9 sur les pr\u00e9occupations partag\u00e9es et les d\u00e9fis communs auxquels font face les artistes sur le continent, tout en plaidant en faveur de la promotion et l\u2019intensification des \u00e9changes culturels entre les Etats africains car, ont-ils expliqu\u00e9, il existe \u00e9norm\u00e9ment d\u2019opportunit\u00e9s \u00e0 saisir par les artistes marocains et leurs homologues africains pour le rayonnement de l\u2019art et de la cr\u00e9ation artistique africains.<\/p>\n<\/div>\n<p>Auteur: Meriem IGASS<br \/>\n<a href=\"http:\/\/www.mapmarrakech.ma\/fr\/presentation-a-marrakech-de-louvrage-lumieres-marocaines-un-voyage-unique-a-travers-la-creation-artistique-contemporaine-marocaine\/\">Cliquez ici pour lire l&rsquo;article depuis sa source.<\/a><\/p>\n","protected":false},"excerpt":{"rendered":"<p>Marrakech \u2013 L\u2019ouvrage \u00ab\u00a0Lumi\u00e8res Marocaines\u00a0\u00bb a \u00e9t\u00e9 pr\u00e9sent\u00e9, samedi soir \u00e0 Marrakech, lors d\u2019une rencontre rehauss\u00e9e par la pr\u00e9sence d\u2019un ar\u00e9opage de personnalit\u00e9s du monde des arts, venues \u00e0 la d\u00e9couverte d\u2019un voyage unique \u00e0 travers la cr\u00e9ation contemporaine marocaine, avec un focus sur le travail et les \u0153uvres d\u2019une soixantaine d\u2019artistes (photographes, peintres, sculpteurs [&hellip;]<\/p>\n","protected":false},"author":1788,"featured_media":0,"comment_status":"closed","ping_status":"closed","sticky":false,"template":"","format":"standard","meta":{"fifu_image_url":"","fifu_image_alt":"","footnotes":""},"categories":[54,76],"tags":[],"class_list":["post-16886","post","type-post","status-publish","format-standard","hentry","category-maroc","category-regions"],"_links":{"self":[{"href":"https:\/\/linitiative.ca\/International\/wp-json\/wp\/v2\/posts\/16886","targetHints":{"allow":["GET"]}}],"collection":[{"href":"https:\/\/linitiative.ca\/International\/wp-json\/wp\/v2\/posts"}],"about":[{"href":"https:\/\/linitiative.ca\/International\/wp-json\/wp\/v2\/types\/post"}],"author":[{"embeddable":true,"href":"https:\/\/linitiative.ca\/International\/wp-json\/wp\/v2\/users\/1788"}],"replies":[{"embeddable":true,"href":"https:\/\/linitiative.ca\/International\/wp-json\/wp\/v2\/comments?post=16886"}],"version-history":[{"count":0,"href":"https:\/\/linitiative.ca\/International\/wp-json\/wp\/v2\/posts\/16886\/revisions"}],"wp:attachment":[{"href":"https:\/\/linitiative.ca\/International\/wp-json\/wp\/v2\/media?parent=16886"}],"wp:term":[{"taxonomy":"category","embeddable":true,"href":"https:\/\/linitiative.ca\/International\/wp-json\/wp\/v2\/categories?post=16886"},{"taxonomy":"post_tag","embeddable":true,"href":"https:\/\/linitiative.ca\/International\/wp-json\/wp\/v2\/tags?post=16886"}],"curies":[{"name":"wp","href":"https:\/\/api.w.org\/{rel}","templated":true}]}}