{"id":16893,"date":"2019-02-24T11:10:45","date_gmt":"2019-02-24T16:10:45","guid":{"rendered":"https:\/\/linitiative.ca\/International\/oran-30-accords-de-partenariat-signees-entre-le-secteur-de-la-formation-et-des-institutions\/"},"modified":"2019-02-24T11:10:45","modified_gmt":"2019-02-24T16:10:45","slug":"oran-30-accords-de-partenariat-signees-entre-le-secteur-de-la-formation-et-des-institutions","status":"publish","type":"post","link":"https:\/\/linitiative.ca\/International\/oran-30-accords-de-partenariat-signees-entre-le-secteur-de-la-formation-et-des-institutions\/","title":{"rendered":"Oran: 30 accords de partenariat sign\u00e9es entre le secteur de la\u00a0formation et des institutions"},"content":{"rendered":"<div>\n<div class=\"K2FeedIntroText\">\n<p><strong>ORAN- Trente conventions de partenariat pour l\u2019apprentissage ont \u00e9t\u00e9 sign\u00e9s entre le secteur de la formation professionnelle et des institutions \u00e9tatiques et \u00e9tablissements priv\u00e9s, au titre de l\u2019ann\u00e9e 2018-2019, a-t-on appris dimanche \u00e0 Oued Tl\u00e9lat du directeur de la formation et l\u2019enseignement professionnels de la wilaya d\u2019Oran, Abdelkader Belbekouche.<\/strong><\/p>\n<\/div>\n<div class=\"K2FeedFullText\">\n<p>M.Belbekouche qui s\u2019exprimait lors du coup d\u2019envoi de la deuxi\u00e8me session de la rentr\u00e9e professionnelle au niveau du centre de formation professionnelle et d&rsquo;apprentissage \u00ab\u00a0Abou Bekr Belka\u00efd\u00a0\u00bb de Oued Tl\u00e9lat, a affirm\u00e9 l\u2019existence de 30 conventions de partenariat sign\u00e9es entre le secteur de la formation et de l\u2019enseignement professionnels et des institutions \u00e9tatiques et entreprises priv\u00e9s.<\/p>\n<p>Il a rappel\u00e9, \u00e0 ce propos, la signature de diff\u00e9rentes conventions de partenariat de formation, notamment avec l\u2019Agence nationale de l\u2019emploi (ANEM), les directions de l&rsquo;administration locale (DAL), de la sant\u00e9, de\u00a0l\u2019action sociale, ainsi que la direction de la r\u00e9\u00e9ducation et r\u00e9adaptation d\u2019Arzew, la direction r\u00e9gionale des infrastructures militaires et Renault Alg\u00e9rie production (RAP), pour un effectif total de 1.940 stagiaires et\u00a0apprentis .<\/p>\n<p>Le m\u00eame responsable, qui a mis en exergue l\u2019offre de formation d\u2019une capacit\u00e9 de 6.905 places p\u00e9dagogiques pour cette session de f\u00e9vrier, a ajout\u00e9 que cette offre, r\u00e9partie sur trois modes de formation r\u00e9sidentielle, par apprentissage et qualifiante, est \u00e9toff\u00e9e par 95 \u00e9tablissements priv\u00e9s agr\u00e9\u00e9s (une capacit\u00e9 de 7.083 places p\u00e9dagogiques).<\/p>\n<p>Il a signal\u00e9 au passage l\u2019ouverture de 5 sp\u00e9cialit\u00e9s nouvelles \u00e0 savoir l\u2019usinage de tour \u00e0 commande num\u00e9rique, la maintenance des panneaux photovolta\u00efques, l\u2019installation et la maintenance des panneaux solaires et r\u00e9seaux t\u00e9l\u00e9coms filaires et la m\u00e9catronique.\u00a0\u00a0<\/p>\n<hr>\n<p>Lire aussi:\u00a0<a href=\"http:\/\/www.aps.dz\/economie\/86059-apn-adoption-du-projet-de-loi-relatif-a-l-aviation-civile\">APN: adoption du projet de loi relatif \u00e0 l&rsquo;aviation civile<\/a><\/p>\n<hr>\n<p>Il a relev\u00e9 \u00e9galement l\u2019ouverture, cette ann\u00e9e, de sept (7) nouveaux \u00e9tablissements de formation et de l\u2019enseignement professionnels dont deux Instituts sup\u00e9rieurs de formation, un \u00e0 Belga\u00efd (Bir El Djir) et l\u2019autre \u00e0 Bethioua et cinq (5) centres de formation professionnelle et apprentissage (CFPA) au niveau de Mers El Hadjadj, Sidi El Bachir (Bir El Djir), Boufatis, Sidi Chahmi et ha\u00ef Nedjma (ex Chte\u00efbo).<\/p>\n<p>Pour sa part, la directrice des ressources humaines de l\u2019usine \u00ab\u00a0Renault Alg\u00e9rie Production\u00a0\u00bb de Oued Tl\u00e9lat, Nabahat Sadi a soulign\u00e9 \u00ab\u00a0nous continuons de travailler avec le secteur de la formation professionnelle\u00a0pour former les jeunes \u00e0 l\u2019apprentissage des diff\u00e9rentes sp\u00e9cialit\u00e9s (soudage, \u00e9lectricit\u00e9 automobile, t\u00f4lerie-carrosserie et peinture auto).<\/p>\n<p>Elle a soulign\u00e9 que 30 dipl\u00f4m\u00e9s ont \u00e9t\u00e9 form\u00e9s durant l\u2019ann\u00e9e 2018, alors que 37 sont en cours de formation.<\/p>\n<p>Pr\u00e9sent coup d\u2019envoi de la deuxi\u00e8me session de la rentr\u00e9e professionnelle, le wali d\u2019Oran, Mouloud Ch\u00e9rifi, a instruit les responsables \u00e0 \u00e9largir le champ d\u2019intervention de la formation pour int\u00e9grer les jeunes form\u00e9s et dipl\u00f4m\u00e9s dans le r\u00e9seau de la sous-traitance.<\/p>\n<p>Il a insist\u00e9 sur l\u2019importance du p\u00f4le industriel de Oued Tl\u00e9lat, notamment la fili\u00e8re m\u00e9canique ainsi que la dynamique enclench\u00e9e au niveau de la zone de Bethioua pour densifier le tissu industriel de la wilaya d\u2019Oran.<\/p>\n<\/div>\n<\/div>\n<p>Auteur:<br \/>\n<a href=\"http:\/\/www.aps.dz\/regions\/86060-oran-30-accords-de-partenariat-signees-entre-le-secteur-de-la-formation-et-des-institutions\">Cliquez ici pour lire l&rsquo;article depuis sa source.<\/a><\/p>\n","protected":false},"excerpt":{"rendered":"<p>ORAN- Trente conventions de partenariat pour l\u2019apprentissage ont \u00e9t\u00e9 sign\u00e9s entre le secteur de la formation professionnelle et des institutions \u00e9tatiques et \u00e9tablissements priv\u00e9s, au titre de l\u2019ann\u00e9e 2018-2019, a-t-on appris dimanche \u00e0 Oued Tl\u00e9lat du directeur de la formation et l\u2019enseignement professionnels de la wilaya d\u2019Oran, Abdelkader Belbekouche. M.Belbekouche qui s\u2019exprimait lors du coup [&hellip;]<\/p>\n","protected":false},"author":1790,"featured_media":0,"comment_status":"closed","ping_status":"closed","sticky":false,"template":"","format":"standard","meta":{"fifu_image_url":"","fifu_image_alt":"","footnotes":""},"categories":[53,76],"tags":[],"class_list":["post-16893","post","type-post","status-publish","format-standard","hentry","category-algerie","category-regions"],"_links":{"self":[{"href":"https:\/\/linitiative.ca\/International\/wp-json\/wp\/v2\/posts\/16893","targetHints":{"allow":["GET"]}}],"collection":[{"href":"https:\/\/linitiative.ca\/International\/wp-json\/wp\/v2\/posts"}],"about":[{"href":"https:\/\/linitiative.ca\/International\/wp-json\/wp\/v2\/types\/post"}],"author":[{"embeddable":true,"href":"https:\/\/linitiative.ca\/International\/wp-json\/wp\/v2\/users\/1790"}],"replies":[{"embeddable":true,"href":"https:\/\/linitiative.ca\/International\/wp-json\/wp\/v2\/comments?post=16893"}],"version-history":[{"count":0,"href":"https:\/\/linitiative.ca\/International\/wp-json\/wp\/v2\/posts\/16893\/revisions"}],"wp:attachment":[{"href":"https:\/\/linitiative.ca\/International\/wp-json\/wp\/v2\/media?parent=16893"}],"wp:term":[{"taxonomy":"category","embeddable":true,"href":"https:\/\/linitiative.ca\/International\/wp-json\/wp\/v2\/categories?post=16893"},{"taxonomy":"post_tag","embeddable":true,"href":"https:\/\/linitiative.ca\/International\/wp-json\/wp\/v2\/tags?post=16893"}],"curies":[{"name":"wp","href":"https:\/\/api.w.org\/{rel}","templated":true}]}}