{"id":16895,"date":"2019-02-23T17:30:24","date_gmt":"2019-02-23T22:30:24","guid":{"rendered":"https:\/\/linitiative.ca\/International\/province-de-nador-lancement-de-projets-economiques-pour-un-investissement-global-de-170-mdh\/"},"modified":"2019-02-23T17:30:24","modified_gmt":"2019-02-23T22:30:24","slug":"province-de-nador-lancement-de-projets-economiques-pour-un-investissement-global-de-170-mdh","status":"publish","type":"post","link":"https:\/\/linitiative.ca\/International\/province-de-nador-lancement-de-projets-economiques-pour-un-investissement-global-de-170-mdh\/","title":{"rendered":"Province de Nador: Lancement de projets \u00e9conomiques pour un investissement global de 170 MDH"},"content":{"rendered":"<div readability=\"38\">\n<p>Des projets \u00e9conomiques, totalisant un investissement global de l\u2019ordre de 170 millions de dirhams (MDH), ont \u00e9t\u00e9 lanc\u00e9s, samedi \u00e0 Beni Ansar (province de Nador), en vue d\u2019impulser une dynamique de d\u00e9veloppement cr\u00e9atrice d\u2019emploi au niveau de la r\u00e9gion.<\/p>\n<\/div>\n<div readability=\"103\">\n<p>Ainsi, le wali de la r\u00e9gion de l\u2019Oriental, gouverneur de la pr\u00e9fecture d\u2019Oujda-Angad, Mouad El Jamai, le pr\u00e9sident du Conseil r\u00e9gional, Abdenbi Bioui, et le gouverneur de la province de Nador, Ali Khalil ont proc\u00e9d\u00e9 au lancement des travaux de construction d\u2019une unit\u00e9 de recyclage des d\u00e9chets textiles en fibres r\u00e9utilisables, sur une superficie de 20.000 m2 avec un investissement de 90 MDH.<\/p>\n<p>Le projet, dont les travaux d\u2019ex\u00e9cution s\u2019\u00e9taleront sur 12 mois, a b\u00e9n\u00e9fici\u00e9 d\u2019une subvention du Conseil de la r\u00e9gion de l\u2019Oriental d\u2019une valeur de 10 MDH, et devrait cr\u00e9er 1.200 emplois directs et 300 emplois indirects.<\/p>\n<p>Il a \u00e9galement \u00e9t\u00e9 proc\u00e9d\u00e9 \u00e0 la signature de deux conventions, la premi\u00e8re porte sur la cr\u00e9ation, au niveau de la commune de Beni Ansar, d\u2019une unit\u00e9 industrielle de d\u00e9corticage des crevettes avec un investissement de 20 MDH, dont une contribution de 5 MDH du Conseil de la r\u00e9gion de l\u2019Oriental, devant permettre la cr\u00e9ation, \u00e0 terme, de 1.500 emplois.<\/p>\n<p>La deuxi\u00e8me convention, paraph\u00e9e entre le minist\u00e8re de l\u2019Industrie, de l\u2019Investissement, du Commerce et de l\u2019Economie num\u00e9rique, le Conseil de la r\u00e9gion de l\u2019Oriental, la pr\u00e9fecture de la province de Nador et la Soci\u00e9t\u00e9 d\u2019am\u00e9nagement du Parc industriel de Selouane, consiste en la cr\u00e9ation d\u2019une plateforme logistique \u00e0 Selouane.<\/p>\n<p><img class=\"aligncenter wp-image-10336\" data-src=\"http:\/\/www.mapoujda.ma\/map\/uploads\/2019\/02\/signature-de-deux-conventions-\u00e0-Nador.jpg\" alt=\"Lancement de projets \u00e9conomiques pour un investissement global de 170 MDH\" width=\"523\" height=\"300\" srcset=\"http:\/\/www.mapoujda.ma\/map\/uploads\/2019\/02\/signature-de-deux-conventions-\u00e0-Nador.jpg 750w, http:\/\/www.mapoujda.ma\/map\/uploads\/2019\/02\/signature-de-deux-conventions-\u00e0-Nador-300x172.jpg 300w\" sizes=\"(max-width: 523px) 100vw, 523px\"\/><\/p>\n<p>Ce projet, qui n\u00e9cessitera une enveloppe budg\u00e9taire de 60 MDH dont une contribution de 16 MDH du Conseil de la r\u00e9gion, aura pour effet la cr\u00e9ation de 3.000 emplois et permettra aux investisseurs de b\u00e9n\u00e9ficier d\u2019un prix abordable de 260 dhs le m\u00e8tre carr\u00e9 au lieu de 560 dhs.<\/p>\n<p>Dans une d\u00e9claration \u00e0 la presse, M. Bioui a soulign\u00e9 que ces projets contribueront \u00e0 la dynamisation de l\u2019\u00e9conomie r\u00e9gionale et l\u2019augmentation du niveau de vie de la population, faisant savoir que le Conseil de la r\u00e9gion de l\u2019Oriental a contribu\u00e9 au financement de ces projets \u00e0 hauteur de 31 MDH.<\/p>\n<p>Et d\u2019ajouter que ces projets, qui s\u2019inscrivent au diapason du nouveau mod\u00e8le de d\u00e9veloppement, devraient permettre la cr\u00e9ation, au total, de quelque 6.000 emplois.<\/p>\n<p>Pour sa part, la repr\u00e9sentante de la soci\u00e9t\u00e9 g\u00e9rante de l\u2019unit\u00e9 de recyclage des d\u00e9chets textiles, Soukaina Hrich, a indiqu\u00e9 que le projet, \u00ab\u00a0qui contribuera \u00e0 coup s\u00fbr au d\u00e9veloppement de l\u2019industrie textile dans l\u2019Oriental et \u00e0 la lutte contre le ch\u00f4mage\u00a0\u00bb, pr\u00e9voit l\u2019exportation des produits textiles notamment vers les march\u00e9s africains et ceux de l\u2019Am\u00e9rique Latine.<\/p>\n<\/div>\n<p>Auteur: Soufiane ELAHMAR<br \/>\n<a href=\"http:\/\/www.mapoujda.ma\/fr\/province-de-nador-lancement-de-projets-economiques-pour-un-investissement-global-de-170-mdh\/\">Cliquez ici pour lire l&rsquo;article depuis sa source.<\/a><\/p>\n","protected":false},"excerpt":{"rendered":"<p>Des projets \u00e9conomiques, totalisant un investissement global de l\u2019ordre de 170 millions de dirhams (MDH), ont \u00e9t\u00e9 lanc\u00e9s, samedi \u00e0 Beni Ansar (province de Nador), en vue d\u2019impulser une dynamique de d\u00e9veloppement cr\u00e9atrice d\u2019emploi au niveau de la r\u00e9gion. Ainsi, le wali de la r\u00e9gion de l\u2019Oriental, gouverneur de la pr\u00e9fecture d\u2019Oujda-Angad, Mouad El Jamai, [&hellip;]<\/p>\n","protected":false},"author":1788,"featured_media":16896,"comment_status":"closed","ping_status":"closed","sticky":false,"template":"","format":"standard","meta":{"fifu_image_url":"","fifu_image_alt":"","footnotes":""},"categories":[54,76],"tags":[],"class_list":["post-16895","post","type-post","status-publish","format-standard","has-post-thumbnail","hentry","category-maroc","category-regions"],"_links":{"self":[{"href":"https:\/\/linitiative.ca\/International\/wp-json\/wp\/v2\/posts\/16895","targetHints":{"allow":["GET"]}}],"collection":[{"href":"https:\/\/linitiative.ca\/International\/wp-json\/wp\/v2\/posts"}],"about":[{"href":"https:\/\/linitiative.ca\/International\/wp-json\/wp\/v2\/types\/post"}],"author":[{"embeddable":true,"href":"https:\/\/linitiative.ca\/International\/wp-json\/wp\/v2\/users\/1788"}],"replies":[{"embeddable":true,"href":"https:\/\/linitiative.ca\/International\/wp-json\/wp\/v2\/comments?post=16895"}],"version-history":[{"count":0,"href":"https:\/\/linitiative.ca\/International\/wp-json\/wp\/v2\/posts\/16895\/revisions"}],"wp:featuredmedia":[{"embeddable":true,"href":"https:\/\/linitiative.ca\/International\/wp-json\/"}],"wp:attachment":[{"href":"https:\/\/linitiative.ca\/International\/wp-json\/wp\/v2\/media?parent=16895"}],"wp:term":[{"taxonomy":"category","embeddable":true,"href":"https:\/\/linitiative.ca\/International\/wp-json\/wp\/v2\/categories?post=16895"},{"taxonomy":"post_tag","embeddable":true,"href":"https:\/\/linitiative.ca\/International\/wp-json\/wp\/v2\/tags?post=16895"}],"curies":[{"name":"wp","href":"https:\/\/api.w.org\/{rel}","templated":true}]}}