{"id":16908,"date":"2019-02-24T15:14:09","date_gmt":"2019-02-24T20:14:09","guid":{"rendered":"https:\/\/linitiative.ca\/International\/ligue-1-2-mca-amrouche-fait-le-point-avec-ses-joueurs\/"},"modified":"2019-02-24T15:14:09","modified_gmt":"2019-02-24T20:14:09","slug":"ligue-1-2-mca-amrouche-fait-le-point-avec-ses-joueurs","status":"publish","type":"post","link":"https:\/\/linitiative.ca\/International\/ligue-1-2-mca-amrouche-fait-le-point-avec-ses-joueurs\/","title":{"rendered":"Ligue 1 &amp; 2 : MCA : Amrouche fait le point avec ses joueurs"},"content":{"rendered":"<div readability=\"32\">\n<p>Auteur : <span>Kamel M.<\/span> <span class=\"time\">dimanche 24 f\u00e9vrier 2019 10:22<\/span><\/p>\n<\/div>\n<div id=\"post_core\" readability=\"62\">\n<p>En programmant une opposition entre ses joueurs suite au report du match pr\u00e9vue face au MCO, Adel Amrouche s\u2019est r\u00e9uni avec ses poulains afin de faire le point avec eux et leur expliquer son plan de travail durant la tr\u00eave. Il leur a ainsi demand\u00e9 de redoubler d\u2019efforts pour montrer un meilleur visage \u00e0 la reprise de la comp\u00e9tition, mais aussi pour leur faire comprendre que les places seront ch\u00e8res pour le reste de la saison, lorsqu\u2019on sait que les joueurs qui sont de retour \u00e0 l\u2019image de Hachi ou Tebbi ne sont pas pr\u00eats \u00e0 revenir sur le banc.<\/p>\n<p><strong>Ils ont compris le message de leur entra\u00eeneur<\/strong><br \/>Sans pour autant vouloir remuer le couteau dans la plaie et parler des objectifs rat\u00e9s, Amrouche a fait comprendre \u00e0 ses joueurs qu\u2019il ne pourra en aucun cas tol\u00e9rer un autre faux pas \u00e0 l\u2019avenir, en les appelant \u00e0 d\u00e9fendre dignement les couleurs de l\u2019\u00e9quipe, du fait qu\u2019ils n\u2019auront plus d\u2019excuse pour le reste de la comp\u00e9tition qui se jouera dans un court laps de temps, lorsqu\u2019on sait que le championnat s\u2019ach\u00e8vera la premi\u00e8re semaine du mois de mai. Les co\u00e9quipiers de Bendebka semblent avoir bien compris le message de leur coach, car chacun a d\u00e9j\u00e0 un nom \u00e0 d\u00e9fendre et aura int\u00e9r\u00eat \u00e0 montrer de quoi il est capable, puisque la direction du club compte faire le tri en fin de saison et ne garder que les \u00e9l\u00e9ments qui ont donn\u00e9 satisfaction durant cet exercice, en optant pour une \u00e9valuation individuelle du rendement de chacun d\u2019entre eux.<\/p>\n<p><strong>Le podium est \u00e0 leur port\u00e9e<\/strong><br \/>Quoi que l\u2019on puisse dire sur les r\u00e9sultats du MCA cette saison et bien que l\u2019\u00e9quipe soit dans une situation inconfortable, Amrouche s\u2019est montr\u00e9 rationnel en fixant le podium comme objectif. Ainsi, il a expliqu\u00e9 \u00e0 ses poulains que les d\u00e9s sont loin d\u2019\u00eatre jet\u00e9s et qu\u2019il suffit d\u2019aligner une s\u00e9rie de bons r\u00e9sultats pour pr\u00e9tendre \u00e0 une place sur le podium, voire m\u00eame une place qualificative pour la Ligue des champions, car il reste pour le MCA trente points qui sont en jeu et tout est possible, si on tient compte des deux matchs retard \u00e0 disputer face au MCO et \u00e0 l\u2019ESS qui est loin d\u2019\u00eatre cette \u00e9quipe intraitable sur ses bases. Amrouche a jug\u00e9 donc utile de faire le point \u00e0 l\u2019entame de cette tr\u00eave pour mettre les joueurs devant leurs responsabilit\u00e9s.\u00a0\u00a0<\/p>\n<p><strong>Publi\u00e9 dans :<\/strong> <span>mca<\/span> <span>Amrouche<\/span><\/p>\n<\/div>\n<p>Auteur:<br \/>\n<a href=\"http:\/\/www.lebuteur.com\/article\/detail?titre=mca-amrouche-fait-le-point-avec-ses-joueurs&#038;id=86638&#038;utm_source=feedburner&#038;utm_medium=feed&#038;utm_campaign=Feed%3A+GalerieFArtciles+%28Les+derniers+articles++-+lebuteur.com%29\">Cliquez ici pour lire l&rsquo;article depuis sa source.<\/a><\/p>\n","protected":false},"excerpt":{"rendered":"<p>Auteur : Kamel M. dimanche 24 f\u00e9vrier 2019 10:22 En programmant une opposition entre ses joueurs suite au report du match pr\u00e9vue face au MCO, Adel Amrouche s\u2019est r\u00e9uni avec ses poulains afin de faire le point avec eux et leur expliquer son plan de travail durant la tr\u00eave. Il leur a ainsi demand\u00e9 de [&hellip;]<\/p>\n","protected":false},"author":1738,"featured_media":16909,"comment_status":"closed","ping_status":"closed","sticky":false,"template":"","format":"standard","meta":{"fifu_image_url":"","fifu_image_alt":"","footnotes":""},"categories":[53,75],"tags":[],"class_list":["post-16908","post","type-post","status-publish","format-standard","has-post-thumbnail","hentry","category-algerie","category-sport"],"_links":{"self":[{"href":"https:\/\/linitiative.ca\/International\/wp-json\/wp\/v2\/posts\/16908","targetHints":{"allow":["GET"]}}],"collection":[{"href":"https:\/\/linitiative.ca\/International\/wp-json\/wp\/v2\/posts"}],"about":[{"href":"https:\/\/linitiative.ca\/International\/wp-json\/wp\/v2\/types\/post"}],"author":[{"embeddable":true,"href":"https:\/\/linitiative.ca\/International\/wp-json\/wp\/v2\/users\/1738"}],"replies":[{"embeddable":true,"href":"https:\/\/linitiative.ca\/International\/wp-json\/wp\/v2\/comments?post=16908"}],"version-history":[{"count":0,"href":"https:\/\/linitiative.ca\/International\/wp-json\/wp\/v2\/posts\/16908\/revisions"}],"wp:featuredmedia":[{"embeddable":true,"href":"https:\/\/linitiative.ca\/International\/wp-json\/"}],"wp:attachment":[{"href":"https:\/\/linitiative.ca\/International\/wp-json\/wp\/v2\/media?parent=16908"}],"wp:term":[{"taxonomy":"category","embeddable":true,"href":"https:\/\/linitiative.ca\/International\/wp-json\/wp\/v2\/categories?post=16908"},{"taxonomy":"post_tag","embeddable":true,"href":"https:\/\/linitiative.ca\/International\/wp-json\/wp\/v2\/tags?post=16908"}],"curies":[{"name":"wp","href":"https:\/\/api.w.org\/{rel}","templated":true}]}}