{"id":16917,"date":"2019-02-24T15:14:16","date_gmt":"2019-02-24T20:14:16","guid":{"rendered":"https:\/\/linitiative.ca\/International\/pros-fares-et-spal-decrochent-un-precieux-point-chez-sassuolo\/"},"modified":"2019-02-24T15:14:16","modified_gmt":"2019-02-24T20:14:16","slug":"pros-fares-et-spal-decrochent-un-precieux-point-chez-sassuolo","status":"publish","type":"post","link":"https:\/\/linitiative.ca\/International\/pros-fares-et-spal-decrochent-un-precieux-point-chez-sassuolo\/","title":{"rendered":"Pros : Fares et SPAL d\u00e9crochent un pr\u00e9cieux point chez Sassuolo"},"content":{"rendered":"<div readability=\"32\">\n<p>Auteur : <span>Riad O.<\/span> <span class=\"time\">dimanche 24 f\u00e9vrier 2019 18:21<\/span><\/p>\n<\/div>\n<div id=\"post_core\" readability=\"43\">\n<p>SPAL est all\u00e9 chercher cet apr\u00e8s-midi un pr\u00e9cieux point au stade Citt\u00e0 del Tricolore face \u00e0 Sassuolo (1-1) lors de la 25\u00e8me journ\u00e9e de la S\u00e9rie A. Les co\u00e9quipiers de Mohamed Fares \u00e9taient, pourtant, men\u00e9s au score suite \u00e0 une r\u00e9alisation sign\u00e9e Peluso \u00e0 la 43\u2019 de jeu. Petegna a remis les pendules \u00e0 l\u2019heure en faveur de SPAL \u00e0 la 68\u2019 sur p\u00e9nalty. Le d\u00e9fenseur Alg\u00e9rien de SPAL a pris part \u00e0 l\u2019int\u00e9gralit\u00e9 de cette rencontre. Il a d\u2019ailleurs livr\u00e9 une prestation correcte en se montrant assez costaud sur le plan d\u00e9fensif. Ce r\u00e9sultat fait beaucoup de bien aux co\u00e9quipiers de Fares dans la course au maintien. En effet, cinq points les s\u00e9parent, d\u00e9sormais, du premier rel\u00e9gable en l\u2019occurrence, Bologne.<\/p>\n<p><strong>Publi\u00e9 dans :<\/strong> <span>Fares<\/span> <span>SPAL<\/span><\/p>\n<\/div>\n<p>Auteur:<br \/>\n<a href=\"http:\/\/www.lebuteur.com\/article\/detail?titre=fares-et-spal-decrochent-un-precieux-point-chez-sassuolo&#038;id=86659&#038;utm_source=feedburner&#038;utm_medium=feed&#038;utm_campaign=Feed%3A+GalerieFArtciles+%28Les+derniers+articles++-+lebuteur.com%29\">Cliquez ici pour lire l&rsquo;article depuis sa source.<\/a><\/p>\n","protected":false},"excerpt":{"rendered":"<p>Auteur : Riad O. dimanche 24 f\u00e9vrier 2019 18:21 SPAL est all\u00e9 chercher cet apr\u00e8s-midi un pr\u00e9cieux point au stade Citt\u00e0 del Tricolore face \u00e0 Sassuolo (1-1) lors de la 25\u00e8me journ\u00e9e de la S\u00e9rie A. Les co\u00e9quipiers de Mohamed Fares \u00e9taient, pourtant, men\u00e9s au score suite \u00e0 une r\u00e9alisation sign\u00e9e Peluso \u00e0 la 43\u2019 [&hellip;]<\/p>\n","protected":false},"author":1738,"featured_media":16918,"comment_status":"closed","ping_status":"closed","sticky":false,"template":"","format":"standard","meta":{"fifu_image_url":"","fifu_image_alt":"","footnotes":""},"categories":[53,75],"tags":[],"class_list":["post-16917","post","type-post","status-publish","format-standard","has-post-thumbnail","hentry","category-algerie","category-sport"],"_links":{"self":[{"href":"https:\/\/linitiative.ca\/International\/wp-json\/wp\/v2\/posts\/16917","targetHints":{"allow":["GET"]}}],"collection":[{"href":"https:\/\/linitiative.ca\/International\/wp-json\/wp\/v2\/posts"}],"about":[{"href":"https:\/\/linitiative.ca\/International\/wp-json\/wp\/v2\/types\/post"}],"author":[{"embeddable":true,"href":"https:\/\/linitiative.ca\/International\/wp-json\/wp\/v2\/users\/1738"}],"replies":[{"embeddable":true,"href":"https:\/\/linitiative.ca\/International\/wp-json\/wp\/v2\/comments?post=16917"}],"version-history":[{"count":0,"href":"https:\/\/linitiative.ca\/International\/wp-json\/wp\/v2\/posts\/16917\/revisions"}],"wp:featuredmedia":[{"embeddable":true,"href":"https:\/\/linitiative.ca\/International\/wp-json\/"}],"wp:attachment":[{"href":"https:\/\/linitiative.ca\/International\/wp-json\/wp\/v2\/media?parent=16917"}],"wp:term":[{"taxonomy":"category","embeddable":true,"href":"https:\/\/linitiative.ca\/International\/wp-json\/wp\/v2\/categories?post=16917"},{"taxonomy":"post_tag","embeddable":true,"href":"https:\/\/linitiative.ca\/International\/wp-json\/wp\/v2\/tags?post=16917"}],"curies":[{"name":"wp","href":"https:\/\/api.w.org\/{rel}","templated":true}]}}