{"id":16931,"date":"2019-02-24T15:19:15","date_gmt":"2019-02-24T20:19:15","guid":{"rendered":"https:\/\/linitiative.ca\/International\/annaba-cap-sur-lavenir\/"},"modified":"2019-02-24T15:19:15","modified_gmt":"2019-02-24T20:19:15","slug":"annaba-cap-sur-lavenir","status":"publish","type":"post","link":"https:\/\/linitiative.ca\/International\/annaba-cap-sur-lavenir\/","title":{"rendered":"Annaba :  Cap sur l\u2019avenir"},"content":{"rendered":"<p>Le double anniversaire de la cr\u00e9ation de l\u2019UGTA et de la nationalisation des hydrocarbures constitue une halte incontournable pour \u00e9valuer le chemin parcouru dans le d\u00e9veloppement socio\u00e9conomique et culturel depuis la p\u00e9riode postind\u00e9pendance \u00e0 travers les acquis accomplis dans tous les domaines et les projections de croissance dans l\u2019avenir. La wilaya d\u2019Annaba, qui reste un des fiefs de l\u2019UGTA gr\u00e2ce \u00e0 l\u2019existence d\u2019un tissu industriel dense avec le complexe Sider El Hadjar et celui de Fertial, ex-Asmidal, a c\u00e9l\u00e9br\u00e9, hier, cet \u00e9v\u00e8nement, dans un contexte qui diff\u00e8re des pr\u00e9c\u00e9dents, dans la mesure o\u00f9 il annonce une nouvelle strat\u00e9gie de d\u00e9veloppement reposant notamment sur la diversification de l\u2019\u00e9conomie rendue n\u00e9cessaire \u00e0 cause de la chute des prix des hydrocarbures. Il s\u2019agit l\u00e0 d\u2019un v\u00e9ritable d\u00e9fi qui attend les travailleurs, appel\u00e9s \u00e0 apporter leur contribution \u00e0 cet objectif dans la perspective de permettre au pays d\u2019avoir d\u2019autres revenus que ceux des hydrocarbures.<br \/>Les travailleurs, de l\u2019UGTA, cr\u00e9\u00e9e le 24 f\u00e9vrier 1956, alors que la guerre de Lib\u00e9ration avait commenc\u00e9 le 1er novembre 1954, sont conscients aujourd\u2019hui que la sauvegarde et la valorisation de l\u2019outil de production, d\u00e9pendent des efforts qu\u2019ils doivent d\u00e9ployer pour d\u00e9fendre d\u2019abord leur pouvoir d\u2019achat et r\u00e9duire la d\u00e9pendance vis-\u00e0-vis de l\u2019ext\u00e9rieur. L\u2019UGTA, forte de 570 sections syndicales, dont 29 \u00e0 Sider El Hadjar, continue d\u2019\u00eatre une force de proposition comme par le pass\u00e9, contribuant ainsi \u00e0 la dynamisation du d\u00e9veloppement, \u00e0 travers la recherche de solutions ad\u00e9quates.\u00a0 Outre le recueillement \u00e0 la m\u00e9moire des Chouhada au monument des martyrs, en pr\u00e9sence des autorit\u00e9s locales, ce double anniversaire a \u00e9t\u00e9 \u00e9galement une occasion pour honorer les anciens syndicalistes au nouveau si\u00e8ge de l\u2019UGTA implant\u00e9 au coll\u00e8ge syndical plage Rizzi-Amor (ex-Chapuis).<br \/>B. Guetmi<\/p>\n<p>Auteur: elmoudjahid<br \/>\n<a href=\"http:\/\/www.elmoudjahid.com\/fr\/actualites\/134113\">Cliquez ici pour lire l&rsquo;article depuis sa source.<\/a><\/p>\n","protected":false},"excerpt":{"rendered":"<p>Le double anniversaire de la cr\u00e9ation de l\u2019UGTA et de la nationalisation des hydrocarbures constitue une halte incontournable pour \u00e9valuer le chemin parcouru dans le d\u00e9veloppement socio\u00e9conomique et culturel depuis la p\u00e9riode postind\u00e9pendance \u00e0 travers les acquis accomplis dans tous les domaines et les projections de croissance dans l\u2019avenir. La wilaya d\u2019Annaba, qui reste un [&hellip;]<\/p>\n","protected":false},"author":1744,"featured_media":0,"comment_status":"closed","ping_status":"closed","sticky":false,"template":"","format":"standard","meta":{"fifu_image_url":"","fifu_image_alt":"","footnotes":""},"categories":[73,53],"tags":[],"class_list":["post-16931","post","type-post","status-publish","format-standard","hentry","category-actualite","category-algerie"],"_links":{"self":[{"href":"https:\/\/linitiative.ca\/International\/wp-json\/wp\/v2\/posts\/16931","targetHints":{"allow":["GET"]}}],"collection":[{"href":"https:\/\/linitiative.ca\/International\/wp-json\/wp\/v2\/posts"}],"about":[{"href":"https:\/\/linitiative.ca\/International\/wp-json\/wp\/v2\/types\/post"}],"author":[{"embeddable":true,"href":"https:\/\/linitiative.ca\/International\/wp-json\/wp\/v2\/users\/1744"}],"replies":[{"embeddable":true,"href":"https:\/\/linitiative.ca\/International\/wp-json\/wp\/v2\/comments?post=16931"}],"version-history":[{"count":0,"href":"https:\/\/linitiative.ca\/International\/wp-json\/wp\/v2\/posts\/16931\/revisions"}],"wp:attachment":[{"href":"https:\/\/linitiative.ca\/International\/wp-json\/wp\/v2\/media?parent=16931"}],"wp:term":[{"taxonomy":"category","embeddable":true,"href":"https:\/\/linitiative.ca\/International\/wp-json\/wp\/v2\/categories?post=16931"},{"taxonomy":"post_tag","embeddable":true,"href":"https:\/\/linitiative.ca\/International\/wp-json\/wp\/v2\/tags?post=16931"}],"curies":[{"name":"wp","href":"https:\/\/api.w.org\/{rel}","templated":true}]}}