{"id":16932,"date":"2019-02-24T15:19:16","date_gmt":"2019-02-24T20:19:16","guid":{"rendered":"https:\/\/linitiative.ca\/International\/sidi-bel-abbes-une-grande-tradition-syndicale\/"},"modified":"2019-02-24T15:19:16","modified_gmt":"2019-02-24T20:19:16","slug":"sidi-bel-abbes-une-grande-tradition-syndicale","status":"publish","type":"post","link":"https:\/\/linitiative.ca\/International\/sidi-bel-abbes-une-grande-tradition-syndicale\/","title":{"rendered":"Sidi Bel-Abb\u00e8s :  Une grande tradition syndicale"},"content":{"rendered":"<p>Des activit\u00e9s culturelles et sportives et des c\u00e9r\u00e9monies en l\u2019honneur des retrait\u00e9s, la c\u00e9l\u00e9bration de ce double anniversaire se voulait une reconnaissance au monde du travail et une halte, \u00e0 l\u2019effet d\u2019\u00e9valuer le parcours du syndicalisme aux traditions fortement ancr\u00e9es dans la cit\u00e9 de la Mekkerra, \u00e0 travers autrefois le combat de ses cheminots.<br \/>Ce n\u2019est d\u2019ailleurs point fortuit si la premi\u00e8re commune communiste durant la colonisation a \u00e9t\u00e9 celle de Sidi Bel-Abb\u00e8s dont de nombreux sites d\u2019habitation ont \u00e9t\u00e9 r\u00e9serv\u00e9s aux travailleurs du secteur ferroviaire.<br \/>L\u2019implantation de grands complexes industriels par la suite, \u00e0 l\u2019image de l\u2019ENIE ou de l\u2019EN PMA, est intervenue pour approfondir le concept syndical dans le cadre de la gestion socialiste des entreprises. De grands combats ont \u00e9t\u00e9 men\u00e9s pour d\u00e9fendre l\u2019outil de production et les int\u00e9r\u00eats des travailleurs. Des combats couronn\u00e9s par de nombreux acquis et surtout la cr\u00e9ation de la premi\u00e8re soci\u00e9t\u00e9 de m\u00e9decine du travail.<br \/>Les gestionnaires et \u00e9lus locaux de l\u2019\u00e9poque \u00e9taient conscients de l&rsquo;importance et de la port\u00e9e du mouvement syndical dans l\u2019animation de la r\u00e9gion, baptisant le complexe sportif fra\u00eechement r\u00e9ceptionn\u00e9 au nom de la date historique du 24 F\u00e9vrier 1956 en hommage \u00e0 la r\u00e9sistance et \u00e0 l\u2019engagement des travailleurs durant la guerre de Lib\u00e9ration.<br \/>Il convient de saluer \u00e0 cet \u00e9gard le m\u00e9rite du wali de cette p\u00e9riode, Bagdadi Laalaouna, qui a bataill\u00e9 durement pour une telle appropriation, synonyme de r\u00e9habilitation d\u2019un rep\u00e8re de lutte.<br \/>Cette imposante r\u00e9alisation, qui n\u00e9cessite aujourd\u2019hui un am\u00e9nagement, porte fi\u00e8rement sur son fronton cette date, rappelant \u00e0 la jeunesse l\u2019esprit de sacrifice des travailleurs et leur combat dans toutes les \u00e9preuves.<br \/>Des conf\u00e9rences sur ce double anniversaire ont \u00e9t\u00e9 anim\u00e9es autour de la cr\u00e9ation de cette organisation nationale, son r\u00f4le dans la d\u00e9fense des int\u00e9r\u00eats des travailleurs et du pays et sa mutation, en insistant sur les enjeux du contexte et l\u2019imp\u00e9rieuse n\u00e9cessit\u00e9 de faire preuve de mobilisation et de vigilance.<br \/><strong>\u00a0\u00a0\u00a0 A. Bellaha<\/strong><\/p>\n<p>Auteur: elmoudjahid<br \/>\n<a href=\"http:\/\/www.elmoudjahid.com\/fr\/actualites\/134114\">Cliquez ici pour lire l&rsquo;article depuis sa source.<\/a><\/p>\n","protected":false},"excerpt":{"rendered":"<p>Des activit\u00e9s culturelles et sportives et des c\u00e9r\u00e9monies en l\u2019honneur des retrait\u00e9s, la c\u00e9l\u00e9bration de ce double anniversaire se voulait une reconnaissance au monde du travail et une halte, \u00e0 l\u2019effet d\u2019\u00e9valuer le parcours du syndicalisme aux traditions fortement ancr\u00e9es dans la cit\u00e9 de la Mekkerra, \u00e0 travers autrefois le combat de ses cheminots.Ce n\u2019est [&hellip;]<\/p>\n","protected":false},"author":1744,"featured_media":0,"comment_status":"closed","ping_status":"closed","sticky":false,"template":"","format":"standard","meta":{"fifu_image_url":"","fifu_image_alt":"","footnotes":""},"categories":[73,53],"tags":[],"class_list":["post-16932","post","type-post","status-publish","format-standard","hentry","category-actualite","category-algerie"],"_links":{"self":[{"href":"https:\/\/linitiative.ca\/International\/wp-json\/wp\/v2\/posts\/16932","targetHints":{"allow":["GET"]}}],"collection":[{"href":"https:\/\/linitiative.ca\/International\/wp-json\/wp\/v2\/posts"}],"about":[{"href":"https:\/\/linitiative.ca\/International\/wp-json\/wp\/v2\/types\/post"}],"author":[{"embeddable":true,"href":"https:\/\/linitiative.ca\/International\/wp-json\/wp\/v2\/users\/1744"}],"replies":[{"embeddable":true,"href":"https:\/\/linitiative.ca\/International\/wp-json\/wp\/v2\/comments?post=16932"}],"version-history":[{"count":0,"href":"https:\/\/linitiative.ca\/International\/wp-json\/wp\/v2\/posts\/16932\/revisions"}],"wp:attachment":[{"href":"https:\/\/linitiative.ca\/International\/wp-json\/wp\/v2\/media?parent=16932"}],"wp:term":[{"taxonomy":"category","embeddable":true,"href":"https:\/\/linitiative.ca\/International\/wp-json\/wp\/v2\/categories?post=16932"},{"taxonomy":"post_tag","embeddable":true,"href":"https:\/\/linitiative.ca\/International\/wp-json\/wp\/v2\/tags?post=16932"}],"curies":[{"name":"wp","href":"https:\/\/api.w.org\/{rel}","templated":true}]}}