{"id":16933,"date":"2019-02-24T15:19:18","date_gmt":"2019-02-24T20:19:18","guid":{"rendered":"https:\/\/linitiative.ca\/International\/habitat-3-885-logements-attribues-hier-a-alger\/"},"modified":"2019-02-24T15:19:18","modified_gmt":"2019-02-24T20:19:18","slug":"habitat-3-885-logements-attribues-hier-a-alger","status":"publish","type":"post","link":"https:\/\/linitiative.ca\/International\/habitat-3-885-logements-attribues-hier-a-alger\/","title":{"rendered":"Habitat  : 3.885 logements attribu\u00e9s hier \u00e0 Alger"},"content":{"rendered":"<p><strong>\u00ab\u00a0Plus de 60.000 logements toutes formules confondues vont \u00eatre distribu\u00e9s,\u00a0 sur l\u2019ensemble du territoire national, et ce, avant la fin du premier trimestre 2019.<\/strong><\/p>\n<p>Une op\u00e9ration qui se poursuivra jusqu\u2019\u00e0 la fin de l\u2019ann\u00e9e\u00bb. C\u2019est ce qui ressort des d\u00e9clarations du ministre de l\u2019Habitat, de l\u2019Urbanisme et de la Ville, M. Abdelwahid Temmar, qui s\u2019est exprim\u00e9, hier \u00e0 Ch\u00e9raga, lors de la c\u00e9r\u00e9monie de remise des clefs de 3.885 logements. Il convient de signaler que parmi ces logements, 2.505 sont des habitations de type location-vente AADL et les 1.380 autres rel\u00e8vent de la formule public-locatif (LPL).\u00a0 Dans une salle archicomble, il a assur\u00e9, en pr\u00e9sence du wali d\u2019Alger, Abdelkader Zoukh, qu\u2019il veillera \u00e0 ce que ces habitations soient dot\u00e9es de tous les \u00e9quipements n\u00e9cessaires, rappelant que ces op\u00e9rations d\u2019attribution s\u2019inscrivent dans le cadre du programme du Pr\u00e9sident Abdelaziz Bouteflika. M. Temmar a mis \u00e0 profit cette opportunit\u00e9 pour annoncer que pas moins de 200.000 logements seront attribu\u00e9s en 2019, dont 13.000 au profit de la wilaya d\u2019Alger. \u00ab\u00a0En 2018, pas moins de 295.000 logements, toutes formules confondues, ont \u00e9t\u00e9 distribu\u00e9s \u00e0 travers le territoire national\u00a0\u00bb, s\u2019est-il r\u00e9joui. Il convient de noter, d\u2019autre part, que les sites qui abritent ces logements sont situ\u00e9s, respectivement, \u00e0 Ouled Fayet, Baba Hassen ainsi qu\u2019\u00e0 Ain Benian.<br \/>Lors d\u2019une r\u00e9cente journ\u00e9e parlementaire sur l\u2019habitat, M. Abdelwahid Temmar avait, faut-il le rappeler, soulign\u00e9 que les r\u00e9sultats r\u00e9alis\u00e9s dans le domaine de l\u2019habitat doivent \u00eatre consolid\u00e9s et soutenus par les autorit\u00e9s locales. Il s\u2019agit, selon le ministre, de poursuivre les efforts sur le terrain avec l\u2019association de tous les acteurs. \u00abLe secteur pr\u00e9pare actuellement le lancement de la formule du Logement locatif promotionnel (LLP) visant \u00e0 cr\u00e9er un march\u00e9 locatif \u00e0 des prix de location \u00e9tudi\u00e9s, une formule adopt\u00e9e en vertu de la loi de finances 2019\u00bb, avait-il indiqu\u00e9, avant de mettre en avant l\u2019importance des avanc\u00e9es r\u00e9alis\u00e9es dans le secteur de l\u2019habitat qui ont permis d\u2019\u00e9largir le parc de logements qui compte actuellement 9,6 millions d\u2019unit\u00e9s et de r\u00e9duire le taux d\u2019occupation \u00e0 4,49 personnes. Le ministre avait, \u00e9galement, rappel\u00e9 que\u00a0 plusieurs aides de l\u2019Etat, dans le cadre des diff\u00e9rents programmes de logement au b\u00e9n\u00e9fice des citoyens, ont connu des augmentations, \u00e0 l\u2019instar du logement rural, passant de 700.000 DA \u00e0 1 million de DA. Il r\u00e9v\u00e9lera que \u00abla formule du logement public locatif a permis \u00e0 1,27 million de familles d\u2019obtenir des logements\u00bb, soulignant, par ailleurs, que cette formule \u00e9tait totalement financ\u00e9e par l\u2019Etat en sus de la r\u00e9alisation de plusieurs structures publiques (\u00e9coles, universit\u00e9s, centres m\u00e9dicaux, s\u00fbret\u00e9).<br \/>Enfin, il a indiqu\u00e9 que l\u2019exp\u00e9rience alg\u00e9rienne en mati\u00e8re d\u2019\u00e9radication de l\u2019habitat pr\u00e9caire avait \u00e9t\u00e9 salu\u00e9e par l\u2019ONU-Habitat, dont la directrice ex\u00e9cutive l\u2019avait qualifi\u00e9e \u00abd\u2019unique en son genre\u00bb.\u00a0\u00a0\u00a0\u00a0\u00a0\u00a0\u00a0\u00a0\u00a0\u00a0\u00a0\u00a0\u00a0\u00a0\u00a0\u00a0\u00a0\u00a0\u00a0\u00a0\u00a0\u00a0\u00a0\u00a0\u00a0\u00a0\u00a0\u00a0\u00a0\u00a0\u00a0\u00a0\u00a0\u00a0\u00a0\u00a0\u00a0\u00a0\u00a0\u00a0\u00a0\u00a0\u00a0\u00a0\u00a0\u00a0\u00a0\u00a0\u00a0\u00a0\u00a0\u00a0\u00a0\u00a0\u00a0\u00a0\u00a0\u00a0\u00a0\u00a0<br \/><strong>Sami Kaidi<\/strong><\/p>\n<p>Auteur: elmoudjahid<br \/>\n<a href=\"http:\/\/www.elmoudjahid.com\/fr\/actualites\/134115\">Cliquez ici pour lire l&rsquo;article depuis sa source.<\/a><\/p>\n","protected":false},"excerpt":{"rendered":"<p>\u00ab\u00a0Plus de 60.000 logements toutes formules confondues vont \u00eatre distribu\u00e9s,\u00a0 sur l\u2019ensemble du territoire national, et ce, avant la fin du premier trimestre 2019. Une op\u00e9ration qui se poursuivra jusqu\u2019\u00e0 la fin de l\u2019ann\u00e9e\u00bb. C\u2019est ce qui ressort des d\u00e9clarations du ministre de l\u2019Habitat, de l\u2019Urbanisme et de la Ville, M. Abdelwahid Temmar, qui s\u2019est [&hellip;]<\/p>\n","protected":false},"author":1744,"featured_media":0,"comment_status":"closed","ping_status":"closed","sticky":false,"template":"","format":"standard","meta":{"fifu_image_url":"","fifu_image_alt":"","footnotes":""},"categories":[73,53],"tags":[],"class_list":["post-16933","post","type-post","status-publish","format-standard","hentry","category-actualite","category-algerie"],"_links":{"self":[{"href":"https:\/\/linitiative.ca\/International\/wp-json\/wp\/v2\/posts\/16933","targetHints":{"allow":["GET"]}}],"collection":[{"href":"https:\/\/linitiative.ca\/International\/wp-json\/wp\/v2\/posts"}],"about":[{"href":"https:\/\/linitiative.ca\/International\/wp-json\/wp\/v2\/types\/post"}],"author":[{"embeddable":true,"href":"https:\/\/linitiative.ca\/International\/wp-json\/wp\/v2\/users\/1744"}],"replies":[{"embeddable":true,"href":"https:\/\/linitiative.ca\/International\/wp-json\/wp\/v2\/comments?post=16933"}],"version-history":[{"count":0,"href":"https:\/\/linitiative.ca\/International\/wp-json\/wp\/v2\/posts\/16933\/revisions"}],"wp:attachment":[{"href":"https:\/\/linitiative.ca\/International\/wp-json\/wp\/v2\/media?parent=16933"}],"wp:term":[{"taxonomy":"category","embeddable":true,"href":"https:\/\/linitiative.ca\/International\/wp-json\/wp\/v2\/categories?post=16933"},{"taxonomy":"post_tag","embeddable":true,"href":"https:\/\/linitiative.ca\/International\/wp-json\/wp\/v2\/tags?post=16933"}],"curies":[{"name":"wp","href":"https:\/\/api.w.org\/{rel}","templated":true}]}}