{"id":16985,"date":"2019-02-24T10:15:11","date_gmt":"2019-02-24T15:15:11","guid":{"rendered":"https:\/\/linitiative.ca\/International\/tunisie-gafsa-decouverte-dune-cache-de-terroristes-sur-le-djebel-aarbata\/"},"modified":"2019-02-24T10:15:11","modified_gmt":"2019-02-24T15:15:11","slug":"tunisie-gafsa-decouverte-dune-cache-de-terroristes-sur-le-djebel-aarbata","status":"publish","type":"post","link":"https:\/\/linitiative.ca\/International\/tunisie-gafsa-decouverte-dune-cache-de-terroristes-sur-le-djebel-aarbata\/","title":{"rendered":"Tunisie \u2013 Gafsa\u00a0: D\u00e9couverte d\u2019une cache de terroristes sur le Djebel A\u00e2rbata"},"content":{"rendered":"<div class=\"post-cont-in left relative\">\n<div class=\"nc_socialPanel swp_flatFresh swp_d_fullColor swp_i_fullColor swp_o_fullColor scale-100 scale-fullWidth\" data-position=\"none\" data-float=\"floatNone\" data-count=\"5\" data-floatcolor=\"#ffffff\" data-emphasize=\"0\">\n<div class=\"nc_tweetContainer totes totesalt\" data-id=\"6\"><span class=\"swp_count\"><span class=\"swp_label\">Partages<\/span> 138<\/span><\/div>\n<\/div>\n<p>Le porte-parole de l\u2019arm\u00e9e nationale a d\u00e9clar\u00e9 que les unit\u00e9s de l\u2019arm\u00e9e \u00e9taient en train d\u2019effectuer des op\u00e9rations de ratissage sur les hauteurs du Djebel A\u00e2rbata \u00e0 Gafsa, \u00e0 la recherche d\u2019\u00e9l\u00e9ments terroristes.<\/p>\n<p>Il a ajout\u00e9 que les unit\u00e9s de l\u2019arm\u00e9e ont d\u00e9couvert un camp o\u00f9 se r\u00e9fugiaient\u00a0les extr\u00e9miste et y ont trouv\u00e9 des produits alimentaires, ainsi que des mati\u00e8res premi\u00e8res pour la fabrication des explosifs.<\/p>\n<div class=\"code-block code-block-1 c3\"><ins class=\"adsbygoogle c2\" data-ad-layout=\"in-article\" data-ad-format=\"fluid\" data-ad-client=\"ca-pub-2102118777505746\" data-ad-slot=\"7301775417\"\/> <\/div>\n<p>Le porte-parole a expliqu\u00e9 que les soldats ont d\u00e9couvert de nombreuses mines entourant la cache des\u00a0fanatiques et que les artificiers ont r\u00e9ussi \u00e0 neutraliser, sauf pour celle qui a saut\u00e9, blessant un soldat, hier.<\/p>\n<p>Il a ajout\u00e9 que le soldat bless\u00e9 a \u00e9t\u00e9 transport\u00e9 \u00e0 l\u2019h\u00f4pital militaire de Tunis et que son \u00e9tat \u00e9tait stationnaire et n\u2019inspirait pas d\u2019inqui\u00e9tude.<\/p>\n<div class=\"mvp-org-wrap mvp-org-logo\" itemprop=\"publisher\" itemscope=\"\" itemtype=\"https:\/\/schema.org\/Organization\"><img decoding=\"async\" src=\"https:\/\/www.tunisienumerique.com\/wp-content\/uploads\/2017\/02\/logo_tunisie_numerique.png\"\/><\/div>\n<div class=\"nc_socialPanel swp_flatFresh swp_d_fullColor swp_i_fullColor swp_o_fullColor scale-100 scale-fullWidth\" data-position=\"none\" data-float=\"floatNone\" data-count=\"5\" data-floatcolor=\"#ffffff\" data-emphasize=\"0\">\n<div class=\"nc_tweetContainer totes totesalt\" data-id=\"6\"><span class=\"swp_count\"><span class=\"swp_label\">Partages<\/span> 138<\/span><\/div>\n<\/div>\n<div class=\"mvp-related-posts left relative\">\n<h4 class=\"post-header\"><span class=\"post-header\">Lire aussi<\/span><\/h4>\n<\/div>\n<\/div>\n<p>Auteur: LM<br \/>\n<a href=\"https:\/\/www.tunisienumerique.com\/tunisie-gafsa-decouverte-dune-cache-de-terroristes-sur-le-djebel-aarbata\/\">Cliquez ici pour lire l&rsquo;article depuis sa source.<\/a><\/p>\n","protected":false},"excerpt":{"rendered":"<p>Partages 138 Le porte-parole de l\u2019arm\u00e9e nationale a d\u00e9clar\u00e9 que les unit\u00e9s de l\u2019arm\u00e9e \u00e9taient en train d\u2019effectuer des op\u00e9rations de ratissage sur les hauteurs du Djebel A\u00e2rbata \u00e0 Gafsa, \u00e0 la recherche d\u2019\u00e9l\u00e9ments terroristes. Il a ajout\u00e9 que les unit\u00e9s de l\u2019arm\u00e9e ont d\u00e9couvert un camp o\u00f9 se r\u00e9fugiaient\u00a0les extr\u00e9miste et y ont trouv\u00e9 [&hellip;]<\/p>\n","protected":false},"author":1789,"featured_media":16986,"comment_status":"closed","ping_status":"closed","sticky":false,"template":"","format":"standard","meta":{"fifu_image_url":"","fifu_image_alt":"","footnotes":""},"categories":[73,55],"tags":[],"class_list":["post-16985","post","type-post","status-publish","format-standard","has-post-thumbnail","hentry","category-actualite","category-tunisie"],"_links":{"self":[{"href":"https:\/\/linitiative.ca\/International\/wp-json\/wp\/v2\/posts\/16985","targetHints":{"allow":["GET"]}}],"collection":[{"href":"https:\/\/linitiative.ca\/International\/wp-json\/wp\/v2\/posts"}],"about":[{"href":"https:\/\/linitiative.ca\/International\/wp-json\/wp\/v2\/types\/post"}],"author":[{"embeddable":true,"href":"https:\/\/linitiative.ca\/International\/wp-json\/wp\/v2\/users\/1789"}],"replies":[{"embeddable":true,"href":"https:\/\/linitiative.ca\/International\/wp-json\/wp\/v2\/comments?post=16985"}],"version-history":[{"count":0,"href":"https:\/\/linitiative.ca\/International\/wp-json\/wp\/v2\/posts\/16985\/revisions"}],"wp:featuredmedia":[{"embeddable":true,"href":"https:\/\/linitiative.ca\/International\/wp-json\/"}],"wp:attachment":[{"href":"https:\/\/linitiative.ca\/International\/wp-json\/wp\/v2\/media?parent=16985"}],"wp:term":[{"taxonomy":"category","embeddable":true,"href":"https:\/\/linitiative.ca\/International\/wp-json\/wp\/v2\/categories?post=16985"},{"taxonomy":"post_tag","embeddable":true,"href":"https:\/\/linitiative.ca\/International\/wp-json\/wp\/v2\/tags?post=16985"}],"curies":[{"name":"wp","href":"https:\/\/api.w.org\/{rel}","templated":true}]}}