{"id":16987,"date":"2019-02-24T10:26:01","date_gmt":"2019-02-24T15:26:01","guid":{"rendered":"https:\/\/linitiative.ca\/International\/tunisie-images-insolite-la-chebba-la-mer-sest-retiree-de-plusieurs-dizaines-de-metres\/"},"modified":"2019-02-24T10:26:01","modified_gmt":"2019-02-24T15:26:01","slug":"tunisie-images-insolite-la-chebba-la-mer-sest-retiree-de-plusieurs-dizaines-de-metres","status":"publish","type":"post","link":"https:\/\/linitiative.ca\/International\/tunisie-images-insolite-la-chebba-la-mer-sest-retiree-de-plusieurs-dizaines-de-metres\/","title":{"rendered":"Tunisie \u2013 IMAGES\u00a0: Insolite\u00a0: La Chebba\u00a0: La mer s\u2019est retir\u00e9e de plusieurs dizaines de m\u00e8tres"},"content":{"rendered":"<div class=\"post-cont-in left relative\">\n<div class=\"nc_socialPanel swp_flatFresh swp_d_fullColor swp_i_fullColor swp_o_fullColor scale-100 scale-fullWidth\" data-position=\"none\" data-float=\"floatNone\" data-count=\"5\" data-floatcolor=\"#ffffff\" data-emphasize=\"0\">\n<div class=\"nc_tweetContainer totes totesalt\" data-id=\"6\"><span class=\"swp_count\"><span class=\"swp_label\">Partages<\/span> 155<\/span><\/div>\n<\/div>\n<p>Les habitants de la petite ville c\u00f4ti\u00e8re de La Chebba se sont r\u00e9veill\u00e9s, ce dimanche, sur un ph\u00e9nom\u00e8ne aussi rare qu\u2019\u00e9tonnant.<\/p>\n<p>En effet, de nombreuses pages des r\u00e9seaux sociaux ont partag\u00e9 des images de la c\u00f4te de La Chebba, o\u00f9 la mer a brill\u00e9 ce dimanche par\u2026 \u00ab\u00a0son absence\u00a0\u00bb.<\/p>\n<div class=\"code-block code-block-1 c3\"><ins class=\"adsbygoogle c2\" data-ad-layout=\"in-article\" data-ad-format=\"fluid\" data-ad-client=\"ca-pub-2102118777505746\" data-ad-slot=\"7301775417\"\/> <\/div>\n<p>La mer s\u2019est, en effet, retir\u00e9e de plusieurs dizaines de m\u00e8tres, laissant les barques de p\u00eache et le bassin du port de p\u00eache \u00e0 sec.<\/p>\n<p><img loading=\"lazy\" decoding=\"async\" class=\"aligncenter size-full wp-image-417925\" src=\"https:\/\/www.tunisienumerique.com\/wp-content\/uploads\/2019\/02\/chebba2.jpg\" alt=\"\" width=\"720\" height=\"673\" srcset=\"https:\/\/www.tunisienumerique.com\/wp-content\/uploads\/2019\/02\/chebba2.jpg 720w, https:\/\/www.tunisienumerique.com\/wp-content\/uploads\/2019\/02\/chebba2-600x561.jpg 600w\" sizes=\"auto, (max-width: 720px) 100vw, 720px\"\/><\/p>\n<p><img loading=\"lazy\" decoding=\"async\" class=\"aligncenter size-full wp-image-417926\" src=\"https:\/\/www.tunisienumerique.com\/wp-content\/uploads\/2019\/02\/chebba.jpg\" alt=\"\" width=\"720\" height=\"665\" srcset=\"https:\/\/www.tunisienumerique.com\/wp-content\/uploads\/2019\/02\/chebba.jpg 720w, https:\/\/www.tunisienumerique.com\/wp-content\/uploads\/2019\/02\/chebba-600x554.jpg 600w\" sizes=\"auto, (max-width: 720px) 100vw, 720px\"\/><\/p>\n<p><img loading=\"lazy\" decoding=\"async\" class=\"aligncenter size-full wp-image-417927\" src=\"https:\/\/www.tunisienumerique.com\/wp-content\/uploads\/2019\/02\/chebba3.jpg\" alt=\"\" width=\"720\" height=\"743\" srcset=\"https:\/\/www.tunisienumerique.com\/wp-content\/uploads\/2019\/02\/chebba3.jpg 720w, https:\/\/www.tunisienumerique.com\/wp-content\/uploads\/2019\/02\/chebba3-600x619.jpg 600w\" sizes=\"auto, (max-width: 720px) 100vw, 720px\"\/><\/p>\n<div class=\"mvp-org-wrap mvp-org-logo\" itemprop=\"publisher\" itemscope=\"\" itemtype=\"https:\/\/schema.org\/Organization\"><img decoding=\"async\" src=\"https:\/\/www.tunisienumerique.com\/wp-content\/uploads\/2017\/02\/logo_tunisie_numerique.png\"\/><\/div>\n<div class=\"nc_socialPanel swp_flatFresh swp_d_fullColor swp_i_fullColor swp_o_fullColor scale-100 scale-fullWidth\" data-position=\"none\" data-float=\"floatNone\" data-count=\"5\" data-floatcolor=\"#ffffff\" data-emphasize=\"0\">\n<div class=\"nc_tweetContainer totes totesalt\" data-id=\"6\"><span class=\"swp_count\"><span class=\"swp_label\">Partages<\/span> 155<\/span><\/div>\n<\/div>\n<div class=\"mvp-related-posts left relative\">\n<h4 class=\"post-header\"><span class=\"post-header\">Lire aussi<\/span><\/h4>\n<\/div>\n<\/div>\n<p>Auteur: LM<br \/>\n<a href=\"https:\/\/www.tunisienumerique.com\/tunisie-iamges-insolite-la-chebba-la-mer-sest-retiree-de-plusieurs-dizaines-de-metres\/\">Cliquez ici pour lire l&rsquo;article depuis sa source.<\/a><\/p>\n","protected":false},"excerpt":{"rendered":"<p>Partages 155 Les habitants de la petite ville c\u00f4ti\u00e8re de La Chebba se sont r\u00e9veill\u00e9s, ce dimanche, sur un ph\u00e9nom\u00e8ne aussi rare qu\u2019\u00e9tonnant. En effet, de nombreuses pages des r\u00e9seaux sociaux ont partag\u00e9 des images de la c\u00f4te de La Chebba, o\u00f9 la mer a brill\u00e9 ce dimanche par\u2026 \u00ab\u00a0son absence\u00a0\u00bb. La mer s\u2019est, en [&hellip;]<\/p>\n","protected":false},"author":1789,"featured_media":16988,"comment_status":"closed","ping_status":"closed","sticky":false,"template":"","format":"standard","meta":{"fifu_image_url":"","fifu_image_alt":"","footnotes":""},"categories":[73,55],"tags":[],"class_list":["post-16987","post","type-post","status-publish","format-standard","has-post-thumbnail","hentry","category-actualite","category-tunisie"],"_links":{"self":[{"href":"https:\/\/linitiative.ca\/International\/wp-json\/wp\/v2\/posts\/16987","targetHints":{"allow":["GET"]}}],"collection":[{"href":"https:\/\/linitiative.ca\/International\/wp-json\/wp\/v2\/posts"}],"about":[{"href":"https:\/\/linitiative.ca\/International\/wp-json\/wp\/v2\/types\/post"}],"author":[{"embeddable":true,"href":"https:\/\/linitiative.ca\/International\/wp-json\/wp\/v2\/users\/1789"}],"replies":[{"embeddable":true,"href":"https:\/\/linitiative.ca\/International\/wp-json\/wp\/v2\/comments?post=16987"}],"version-history":[{"count":0,"href":"https:\/\/linitiative.ca\/International\/wp-json\/wp\/v2\/posts\/16987\/revisions"}],"wp:featuredmedia":[{"embeddable":true,"href":"https:\/\/linitiative.ca\/International\/wp-json\/"}],"wp:attachment":[{"href":"https:\/\/linitiative.ca\/International\/wp-json\/wp\/v2\/media?parent=16987"}],"wp:term":[{"taxonomy":"category","embeddable":true,"href":"https:\/\/linitiative.ca\/International\/wp-json\/wp\/v2\/categories?post=16987"},{"taxonomy":"post_tag","embeddable":true,"href":"https:\/\/linitiative.ca\/International\/wp-json\/wp\/v2\/tags?post=16987"}],"curies":[{"name":"wp","href":"https:\/\/api.w.org\/{rel}","templated":true}]}}