{"id":16989,"date":"2019-02-24T10:36:41","date_gmt":"2019-02-24T15:36:41","guid":{"rendered":"https:\/\/linitiative.ca\/International\/bce-sentretient-avec-abdefattah-essissi\/"},"modified":"2019-02-24T10:36:41","modified_gmt":"2019-02-24T15:36:41","slug":"bce-sentretient-avec-abdefattah-essissi","status":"publish","type":"post","link":"https:\/\/linitiative.ca\/International\/bce-sentretient-avec-abdefattah-essissi\/","title":{"rendered":"BCE s\u2019entretient avec Abdefattah Essissi"},"content":{"rendered":"<div class=\"post-cont-in left relative\">\n<div class=\"nc_socialPanel swp_flatFresh swp_d_fullColor swp_i_fullColor swp_o_fullColor scale-100 scale-fullWidth\" data-position=\"none\" data-float=\"floatNone\" data-count=\"5\" data-floatcolor=\"#ffffff\" data-emphasize=\"0\">\n<div class=\"nc_tweetContainer totes totesalt\" data-id=\"6\"><span class=\"swp_count\"><span class=\"swp_label\">Partages<\/span> 18<\/span><\/div>\n<\/div>\n<p>Le pr\u00e9sident tunisien, B\u00e9ji Ca\u00efed Essebsi s\u2019est entretenu, ce dimanche apr\u00e8s midi, en marge du sommet arabo-europ\u00e9en, avec son homologue \u00e9gyptien, Abdelfattah Essissi, \u00e0 Sharm Escheikh.<\/p>\n<p>BCE a tenu \u00e0 souligner l\u2019importance et la solidit\u00e9 des liens de fraternit\u00e9 qui unissent les deux pays et leurs peuples, en remerciant le pr\u00e9sident \u00e9gyptien pour les r\u00f4les importants qu\u2019il joue dans le sens de la stabilisation de la r\u00e9gion et du monde arabe.<\/p>\n<div class=\"code-block code-block-1 c3\"><ins class=\"adsbygoogle c2\" data-ad-layout=\"in-article\" data-ad-format=\"fluid\" data-ad-client=\"ca-pub-2102118777505746\" data-ad-slot=\"7301775417\"\/> <\/div>\n<p>De son c\u00f4t\u00e9, Abdelfattah Essissi a remerci\u00e9 BCE d\u2019avoir r\u00e9pondu \u00e0 son invitation et d\u2019avoir rehauss\u00e9 ce sommet de sa pr\u00e9sence personnelle, mettant l\u2019accent sur la n\u00e9cessit\u00e9 de la collaboration et de la coordination des deux nations dans tous les domaines qui int\u00e9ressent la r\u00e9gion, notamment, pour trouver une solution pacifique et diplomatique \u00e0 la crise libyenne.<\/p>\n<div class=\"mvp-org-wrap mvp-org-logo\" itemprop=\"publisher\" itemscope=\"\" itemtype=\"https:\/\/schema.org\/Organization\"><img decoding=\"async\" src=\"https:\/\/www.tunisienumerique.com\/wp-content\/uploads\/2017\/02\/logo_tunisie_numerique.png\"\/><\/div>\n<div class=\"nc_socialPanel swp_flatFresh swp_d_fullColor swp_i_fullColor swp_o_fullColor scale-100 scale-fullWidth\" data-position=\"none\" data-float=\"floatNone\" data-count=\"5\" data-floatcolor=\"#ffffff\" data-emphasize=\"0\">\n<div class=\"nc_tweetContainer totes totesalt\" data-id=\"6\"><span class=\"swp_count\"><span class=\"swp_label\">Partages<\/span> 18<\/span><\/div>\n<\/div>\n<div class=\"mvp-related-posts left relative\">\n<h4 class=\"post-header\"><span class=\"post-header\">Lire aussi<\/span><\/h4>\n<\/div>\n<\/div>\n<p>Auteur: LM<br \/>\n<a href=\"https:\/\/www.tunisienumerique.com\/bce-sentretient-avec-abdefattah-essissi\/\">Cliquez ici pour lire l&rsquo;article depuis sa source.<\/a><\/p>\n","protected":false},"excerpt":{"rendered":"<p>Partages 18 Le pr\u00e9sident tunisien, B\u00e9ji Ca\u00efed Essebsi s\u2019est entretenu, ce dimanche apr\u00e8s midi, en marge du sommet arabo-europ\u00e9en, avec son homologue \u00e9gyptien, Abdelfattah Essissi, \u00e0 Sharm Escheikh. BCE a tenu \u00e0 souligner l\u2019importance et la solidit\u00e9 des liens de fraternit\u00e9 qui unissent les deux pays et leurs peuples, en remerciant le pr\u00e9sident \u00e9gyptien pour [&hellip;]<\/p>\n","protected":false},"author":1789,"featured_media":16990,"comment_status":"closed","ping_status":"closed","sticky":false,"template":"","format":"standard","meta":{"fifu_image_url":"","fifu_image_alt":"","footnotes":""},"categories":[73,55],"tags":[],"class_list":["post-16989","post","type-post","status-publish","format-standard","has-post-thumbnail","hentry","category-actualite","category-tunisie"],"_links":{"self":[{"href":"https:\/\/linitiative.ca\/International\/wp-json\/wp\/v2\/posts\/16989","targetHints":{"allow":["GET"]}}],"collection":[{"href":"https:\/\/linitiative.ca\/International\/wp-json\/wp\/v2\/posts"}],"about":[{"href":"https:\/\/linitiative.ca\/International\/wp-json\/wp\/v2\/types\/post"}],"author":[{"embeddable":true,"href":"https:\/\/linitiative.ca\/International\/wp-json\/wp\/v2\/users\/1789"}],"replies":[{"embeddable":true,"href":"https:\/\/linitiative.ca\/International\/wp-json\/wp\/v2\/comments?post=16989"}],"version-history":[{"count":0,"href":"https:\/\/linitiative.ca\/International\/wp-json\/wp\/v2\/posts\/16989\/revisions"}],"wp:featuredmedia":[{"embeddable":true,"href":"https:\/\/linitiative.ca\/International\/wp-json\/"}],"wp:attachment":[{"href":"https:\/\/linitiative.ca\/International\/wp-json\/wp\/v2\/media?parent=16989"}],"wp:term":[{"taxonomy":"category","embeddable":true,"href":"https:\/\/linitiative.ca\/International\/wp-json\/wp\/v2\/categories?post=16989"},{"taxonomy":"post_tag","embeddable":true,"href":"https:\/\/linitiative.ca\/International\/wp-json\/wp\/v2\/tags?post=16989"}],"curies":[{"name":"wp","href":"https:\/\/api.w.org\/{rel}","templated":true}]}}