{"id":16999,"date":"2019-02-24T13:26:27","date_gmt":"2019-02-24T18:26:27","guid":{"rendered":"https:\/\/linitiative.ca\/International\/tunisie-pourquoi-ce-regain-dactivite-des-terroristes-le-long-de-nos-frontieres-ouest\/"},"modified":"2019-02-24T13:26:27","modified_gmt":"2019-02-24T18:26:27","slug":"tunisie-pourquoi-ce-regain-dactivite-des-terroristes-le-long-de-nos-frontieres-ouest","status":"publish","type":"post","link":"https:\/\/linitiative.ca\/International\/tunisie-pourquoi-ce-regain-dactivite-des-terroristes-le-long-de-nos-frontieres-ouest\/","title":{"rendered":"Tunisie \u2013 Pourquoi ce regain d\u2019activit\u00e9 des terroristes le long de nos fronti\u00e8res ouest\u00a0?"},"content":{"rendered":"<div class=\"post-cont-in left relative\">\n<div class=\"nc_socialPanel swp_flatFresh swp_d_fullColor swp_i_fullColor swp_o_fullColor scale-100 scale-fullWidth\" data-position=\"none\" data-float=\"floatNone\" data-count=\"5\" data-floatcolor=\"#ffffff\" data-emphasize=\"0\">\n<div class=\"nc_tweetContainer totes totesalt\" data-id=\"6\"><span class=\"swp_count\"><span class=\"swp_label\">Partages<\/span> 230<\/span><\/div>\n<\/div>\n<p>Il devient ind\u00e9niable que, depuis quelques jours, voire, certainement, depuis quelques semaines de pr\u00e9paration et de planning, les op\u00e9rations terroristes, m\u00eame si elles sont minimes, puisque les terroristes ne disposent plus des moyens logistiques\u00a0pour faire des coups d\u2019\u00e9clat, reviennent au premier plan des informations, de fa\u00e7on quasi-quotidienne. Il est, aussi, \u00e0 noter que toutes ces op\u00e9rations qui ont repris s\u2019\u00e9talent le long des fronti\u00e8res tunisiennes avec l\u2019Alg\u00e9rie.<\/p>\n<p>Cette reprise d\u2019activit\u00e9, concomitante avec deux faits qui caract\u00e9risent la r\u00e9gion, n\u2019est pas sans susciter des questionnements, quant \u00e0 ses raisons, ceux qui tirent les ficelles et surtout, pourquoi, et dans quel but\u00a0?<\/p>\n<div class=\"code-block code-block-1 c3\"><ins class=\"adsbygoogle c2\" data-ad-layout=\"in-article\" data-ad-format=\"fluid\" data-ad-client=\"ca-pub-2102118777505746\" data-ad-slot=\"7301775417\"\/> <\/div>\n<p>En effet, la r\u00e9gion d\u2019Afrique du Nord se caract\u00e9rise depuis quelques semaines, par deux faits importants\u00a0: Le premier \u00e9tant le retour attendu des terroristes tunisiens au bercail, apr\u00e8s qu\u2019ils se soient repli\u00e9s sur les zones ouest de la Libye, conform\u00e9ment aux rapports des organismes internationaux sp\u00e9cialis\u00e9s. Le second est la vague de contestations orchestr\u00e9e \u00e0 la \u00ab\u00a0mani\u00e8re du printemps arabe\u00a0\u00bb qui submerge l\u2019Alg\u00e9rie voisine, sous pr\u00e9texte de protester contre la candidature de Bouteflika \u00e0 un cinqui\u00e8me mandat.<\/p>\n<p>Si on conjugue tous ces \u00e9l\u00e9ments, apparemment isol\u00e9s, ensemble, on se retrouve devant un sc\u00e9nario \u00e0 glacer le sang.<\/p>\n<p>Premi\u00e8rement, la multiplication des actes terroristes isol\u00e9s, surtout quand ils sont minimes et sans trop de d\u00e9g\u00e2ts, le long de la fronti\u00e8re ouest du pays, pourrait s\u2019expliquer par une man\u0153uvre de diversion, visant \u00e0 focaliser les efforts et les effectifs de la lutte contre les terroristes, sur le flanc Ouest, desserrant l\u2019\u00e9tau sur le flanc Est, ce qui permettrait aux milliers d\u2019enfants prodigues du pays de rentrer sans trop d\u2019encombres, riches de leurs exp\u00e9riences sur les champs de batailles et dans les camps de Daech. Cela permettrait, aussi, de baisser, un peu, la vigilance sur les contrebandiers, ce qui permettrait la reprise du trafic et de l\u2019importation des arsenaux d\u2019armes qui se trouvent en Libye.<\/p>\n<p>Deuxi\u00e8mement, en raison du rel\u00e2chement obligatoire de l\u2019attention de l\u2019arm\u00e9e alg\u00e9rienne le long de ses fronti\u00e8res avec la Tunisie, pour aider \u00e0 contr\u00f4ler et \u00e0 encadrer les troubles qui secouent, tout d\u2019un coup le pays et de la disperser\u00a0l\u2019attention de l\u2019arm\u00e9e et de la garde nationale tunisienne tout au long de ces fronti\u00e8res, \u00e0 cause de ces op\u00e9rations \u00e9parpill\u00e9es sur tout l\u2019Ouest du pays, depuis les hauteurs du Kef, jusqu\u2019\u00e0 Gafsa\u2026 Il y aurait, certainement, une bonne opportunit\u00e9 pour les terroristes islamistes de reprendre leurs positions dans ces zones frontali\u00e8res, de se regrouper et de mieux s\u2019organiser pour \u00ab\u00a0finir le travail\u00a0\u00bb \u00e9bauch\u00e9 en 2011 et qui avait \u00e9chou\u00e9 \u00e0 d\u00e9border sur l\u2019Alg\u00e9rie, principale cible, depuis le d\u00e9part\u00a0!<\/p>\n<p>Il y a r\u00e9ellement, de quoi m\u00e9diter\u00a0!!! Et que Dieu pr\u00e9serve la Tunisie et l\u2019Alg\u00e9rie\u00a0!<\/p>\n<div class=\"mvp-org-wrap mvp-org-logo\" itemprop=\"publisher\" itemscope=\"\" itemtype=\"https:\/\/schema.org\/Organization\"><img decoding=\"async\" src=\"https:\/\/www.tunisienumerique.com\/wp-content\/uploads\/2017\/02\/logo_tunisie_numerique.png\"\/><\/div>\n<div class=\"nc_socialPanel swp_flatFresh swp_d_fullColor swp_i_fullColor swp_o_fullColor scale-100 scale-fullWidth\" data-position=\"none\" data-float=\"floatNone\" data-count=\"5\" data-floatcolor=\"#ffffff\" data-emphasize=\"0\">\n<div class=\"nc_tweetContainer totes totesalt\" data-id=\"6\"><span class=\"swp_count\"><span class=\"swp_label\">Partages<\/span> 230<\/span><\/div>\n<\/div>\n<div class=\"mvp-related-posts left relative\">\n<h4 class=\"post-header\"><span class=\"post-header\">Lire aussi<\/span><\/h4>\n<\/div>\n<\/div>\n<p>Auteur: Ramsis<br \/>\n<a href=\"https:\/\/www.tunisienumerique.com\/tunisie-pourquoi-ce-regain-dactivite-des-terroristes-le-long-de-nos-frontieres-ouest\/\">Cliquez ici pour lire l&rsquo;article depuis sa source.<\/a><\/p>\n","protected":false},"excerpt":{"rendered":"<p>Partages 230 Il devient ind\u00e9niable que, depuis quelques jours, voire, certainement, depuis quelques semaines de pr\u00e9paration et de planning, les op\u00e9rations terroristes, m\u00eame si elles sont minimes, puisque les terroristes ne disposent plus des moyens logistiques\u00a0pour faire des coups d\u2019\u00e9clat, reviennent au premier plan des informations, de fa\u00e7on quasi-quotidienne. Il est, aussi, \u00e0 noter que [&hellip;]<\/p>\n","protected":false},"author":1789,"featured_media":17000,"comment_status":"closed","ping_status":"closed","sticky":false,"template":"","format":"standard","meta":{"fifu_image_url":"","fifu_image_alt":"","footnotes":""},"categories":[73,55],"tags":[],"class_list":["post-16999","post","type-post","status-publish","format-standard","has-post-thumbnail","hentry","category-actualite","category-tunisie"],"_links":{"self":[{"href":"https:\/\/linitiative.ca\/International\/wp-json\/wp\/v2\/posts\/16999","targetHints":{"allow":["GET"]}}],"collection":[{"href":"https:\/\/linitiative.ca\/International\/wp-json\/wp\/v2\/posts"}],"about":[{"href":"https:\/\/linitiative.ca\/International\/wp-json\/wp\/v2\/types\/post"}],"author":[{"embeddable":true,"href":"https:\/\/linitiative.ca\/International\/wp-json\/wp\/v2\/users\/1789"}],"replies":[{"embeddable":true,"href":"https:\/\/linitiative.ca\/International\/wp-json\/wp\/v2\/comments?post=16999"}],"version-history":[{"count":0,"href":"https:\/\/linitiative.ca\/International\/wp-json\/wp\/v2\/posts\/16999\/revisions"}],"wp:featuredmedia":[{"embeddable":true,"href":"https:\/\/linitiative.ca\/International\/wp-json\/"}],"wp:attachment":[{"href":"https:\/\/linitiative.ca\/International\/wp-json\/wp\/v2\/media?parent=16999"}],"wp:term":[{"taxonomy":"category","embeddable":true,"href":"https:\/\/linitiative.ca\/International\/wp-json\/wp\/v2\/categories?post=16999"},{"taxonomy":"post_tag","embeddable":true,"href":"https:\/\/linitiative.ca\/International\/wp-json\/wp\/v2\/tags?post=16999"}],"curies":[{"name":"wp","href":"https:\/\/api.w.org\/{rel}","templated":true}]}}