{"id":17001,"date":"2019-02-24T14:06:10","date_gmt":"2019-02-24T19:06:10","guid":{"rendered":"https:\/\/linitiative.ca\/International\/tunisie-video-la-mer-dechainee-sacharne-sur-les-embarcations-des-pecheurs\/"},"modified":"2019-02-24T14:06:10","modified_gmt":"2019-02-24T19:06:10","slug":"tunisie-video-la-mer-dechainee-sacharne-sur-les-embarcations-des-pecheurs","status":"publish","type":"post","link":"https:\/\/linitiative.ca\/International\/tunisie-video-la-mer-dechainee-sacharne-sur-les-embarcations-des-pecheurs\/","title":{"rendered":"Tunisie \u2013 Vid\u00e9o\u00a0: La mer d\u00e9cha\u00een\u00e9e s\u2019acharne sur les embarcations des p\u00eacheurs"},"content":{"rendered":"<div class=\"post-cont-in left relative\">\n<div class=\"nc_socialPanel swp_flatFresh swp_d_fullColor swp_i_fullColor swp_o_fullColor scale-100 scale-fullWidth\" data-position=\"none\" data-float=\"floatNone\" data-count=\"5\" data-floatcolor=\"#ffffff\" data-emphasize=\"0\">\n<div class=\"nc_tweetContainer totes totesalt\" data-id=\"6\"><span class=\"swp_count\"><span class=\"swp_label\">Partages<\/span> 59<\/span><\/div>\n<\/div>\n<p>Les vents forts qui soufflent, depuis hier sur la r\u00e9gion et au large de Sfax, ont fini par soulever de violentes vagues, sur le littoral des \u00eeles de Kerkennah, notamment dans la zone portuaire d\u2019Al Attaya. Zone connue pour sa mer calme, sans la moindre houle.<\/p>\n<p>Le vent et les vagues qui s\u2019en suivirent ont pris de court les marins p\u00eacheurs qui amarraient leurs petites embarcations au large d\u2019Al Attaya. Ils n\u2019ont eu d\u2019autre alternative que d\u2019assister impuissants devant la force de la mer en train de mettre en miettes leur gagne-pain.<br \/><iframe loading=\"lazy\" class=\"c2\" src=\"https:\/\/www.facebook.com\/plugins\/video.php?href=https%3A%2F%2Fwww.facebook.com%2FTunisie.Numerique%2Fvideos%2F1900510720076207%2F&#038;show_text=0&#038;width=560\" width=\"560\" height=\"420\" frameborder=\"0\" scrolling=\"no\" allowfullscreen=\"allowfullscreen\">[embedded content]<\/iframe><\/p>\n<div class=\"code-block code-block-1 c4\"><ins class=\"adsbygoogle c3\" data-ad-layout=\"in-article\" data-ad-format=\"fluid\" data-ad-client=\"ca-pub-2102118777505746\" data-ad-slot=\"7301775417\"\/> <\/div>\n<div class=\"mvp-org-wrap mvp-org-logo\" itemprop=\"publisher\" itemscope=\"\" itemtype=\"https:\/\/schema.org\/Organization\"><img decoding=\"async\" src=\"https:\/\/www.tunisienumerique.com\/wp-content\/uploads\/2017\/02\/logo_tunisie_numerique.png\"\/><\/div>\n<div class=\"nc_socialPanel swp_flatFresh swp_d_fullColor swp_i_fullColor swp_o_fullColor scale-100 scale-fullWidth\" data-position=\"none\" data-float=\"floatNone\" data-count=\"5\" data-floatcolor=\"#ffffff\" data-emphasize=\"0\">\n<div class=\"nc_tweetContainer totes totesalt\" data-id=\"6\"><span class=\"swp_count\"><span class=\"swp_label\">Partages<\/span> 59<\/span><\/div>\n<\/div>\n<div class=\"mvp-related-posts left relative\">\n<h4 class=\"post-header\"><span class=\"post-header\">Lire aussi<\/span><\/h4>\n<\/div>\n<\/div>\n<p>Auteur: LM<br \/>\n<a href=\"https:\/\/www.tunisienumerique.com\/tunisie-video-la-mer-dechainee-sacharne-sur-les-embarcations-des-pecheurs\/\">Cliquez ici pour lire l&rsquo;article depuis sa source.<\/a><\/p>\n","protected":false},"excerpt":{"rendered":"<p>Partages 59 Les vents forts qui soufflent, depuis hier sur la r\u00e9gion et au large de Sfax, ont fini par soulever de violentes vagues, sur le littoral des \u00eeles de Kerkennah, notamment dans la zone portuaire d\u2019Al Attaya. Zone connue pour sa mer calme, sans la moindre houle. Le vent et les vagues qui s\u2019en [&hellip;]<\/p>\n","protected":false},"author":1789,"featured_media":17002,"comment_status":"closed","ping_status":"closed","sticky":false,"template":"","format":"standard","meta":{"fifu_image_url":"","fifu_image_alt":"","footnotes":""},"categories":[73,55],"tags":[],"class_list":["post-17001","post","type-post","status-publish","format-standard","has-post-thumbnail","hentry","category-actualite","category-tunisie"],"_links":{"self":[{"href":"https:\/\/linitiative.ca\/International\/wp-json\/wp\/v2\/posts\/17001","targetHints":{"allow":["GET"]}}],"collection":[{"href":"https:\/\/linitiative.ca\/International\/wp-json\/wp\/v2\/posts"}],"about":[{"href":"https:\/\/linitiative.ca\/International\/wp-json\/wp\/v2\/types\/post"}],"author":[{"embeddable":true,"href":"https:\/\/linitiative.ca\/International\/wp-json\/wp\/v2\/users\/1789"}],"replies":[{"embeddable":true,"href":"https:\/\/linitiative.ca\/International\/wp-json\/wp\/v2\/comments?post=17001"}],"version-history":[{"count":0,"href":"https:\/\/linitiative.ca\/International\/wp-json\/wp\/v2\/posts\/17001\/revisions"}],"wp:featuredmedia":[{"embeddable":true,"href":"https:\/\/linitiative.ca\/International\/wp-json\/"}],"wp:attachment":[{"href":"https:\/\/linitiative.ca\/International\/wp-json\/wp\/v2\/media?parent=17001"}],"wp:term":[{"taxonomy":"category","embeddable":true,"href":"https:\/\/linitiative.ca\/International\/wp-json\/wp\/v2\/categories?post=17001"},{"taxonomy":"post_tag","embeddable":true,"href":"https:\/\/linitiative.ca\/International\/wp-json\/wp\/v2\/tags?post=17001"}],"curies":[{"name":"wp","href":"https:\/\/api.w.org\/{rel}","templated":true}]}}