{"id":17010,"date":"2019-02-24T13:18:07","date_gmt":"2019-02-24T18:18:07","guid":{"rendered":"https:\/\/linitiative.ca\/International\/presidentielle-senegalaise-les-electeurs-nayant-pas-retrouve-leurs-bureaux-autorises-a-voter-officiel\/"},"modified":"2019-02-24T13:18:07","modified_gmt":"2019-02-24T18:18:07","slug":"presidentielle-senegalaise-les-electeurs-nayant-pas-retrouve-leurs-bureaux-autorises-a-voter-officiel","status":"publish","type":"post","link":"https:\/\/linitiative.ca\/International\/presidentielle-senegalaise-les-electeurs-nayant-pas-retrouve-leurs-bureaux-autorises-a-voter-officiel\/","title":{"rendered":"Pr\u00e9sidentielle s\u00e9n\u00e9galaise : les \u00e9lecteurs n\u2019ayant pas retrouv\u00e9 leurs bureaux autoris\u00e9s \u00e0 voter (Officiel)"},"content":{"rendered":"<div readability=\"32\">\n<p>Publi\u00e9 le 24.02.2019 \u00e0 19h18 par APA News<\/p>\n<\/div>\n<div readability=\"46\">\n<p>Les d\u00e9tenteurs de carte d\u2019identit\u00e9 biom\u00e9trique Cedeao et dont les noms ne figurent pas sur les listes d\u2019\u00e9margements peuvent voter dans le dernier bureau de vote de leur centre pour le scrutin pr\u00e9sidentiel 2019, rapporte une circulaire de la Direction g\u00e9n\u00e9rale des \u00e9lections (Dge) adress\u00e9e aux Gouverneurs, Pr\u00e9fets et Sous-Pr\u00e9fet.\u00ab Pour permettre \u00e0 tous les d\u00e9tenteurs de cartes d\u2019identit\u00e9 biom\u00e9trique, faisant office de carte d\u2019\u00e9lecteur mais n\u2019ayant pas retrouv\u00e9 leur nom sur la liste d\u2019\u00e9margements du bureau indiqu\u00e9 sur sa carte, instruire tous les pr\u00e9sidents de bureaux de vote d\u2019informer les concern\u00e9s qu\u2019ils votent dans le dernier bureau du lieu de vote o\u00f9 son nom figure sur la liste d\u2019\u00e9margements \u00bb, \u00e9crit la Dge.<\/p>\n<p>Au total, 6 683 043 \u00e9lecteurs \u00e9lisent ce dimanche \u00a0leur nouveau pr\u00e9sident parmi les cinq candidats, dont le pr\u00e9sident sortant, Macky Sall.<\/p>\n<p><ins data-revive-zoneid=\"9\" data-revive-id=\"10111e19d28d19d031742ee3b0b33eb0\"\/> <\/div>\n<p>Auteur: APA News<br \/>\n<a href=\"https:\/\/www.journalducameroun.com\/presidentielle-senegalaise-les-electeurs-nayant-pas-retrouve-leurs-bureaux-autorises-a-voter-officiel\/\">Cliquez ici pour lire l&rsquo;article depuis sa source.<\/a><\/p>\n","protected":false},"excerpt":{"rendered":"<p>Publi\u00e9 le 24.02.2019 \u00e0 19h18 par APA News Les d\u00e9tenteurs de carte d\u2019identit\u00e9 biom\u00e9trique Cedeao et dont les noms ne figurent pas sur les listes d\u2019\u00e9margements peuvent voter dans le dernier bureau de vote de leur centre pour le scrutin pr\u00e9sidentiel 2019, rapporte une circulaire de la Direction g\u00e9n\u00e9rale des \u00e9lections (Dge) adress\u00e9e aux Gouverneurs, [&hellip;]<\/p>\n","protected":false},"author":1965,"featured_media":0,"comment_status":"closed","ping_status":"closed","sticky":false,"template":"","format":"standard","meta":{"fifu_image_url":"","fifu_image_alt":"","footnotes":""},"categories":[73,82],"tags":[],"class_list":["post-17010","post","type-post","status-publish","format-standard","hentry","category-actualite","category-cameroun"],"_links":{"self":[{"href":"https:\/\/linitiative.ca\/International\/wp-json\/wp\/v2\/posts\/17010","targetHints":{"allow":["GET"]}}],"collection":[{"href":"https:\/\/linitiative.ca\/International\/wp-json\/wp\/v2\/posts"}],"about":[{"href":"https:\/\/linitiative.ca\/International\/wp-json\/wp\/v2\/types\/post"}],"author":[{"embeddable":true,"href":"https:\/\/linitiative.ca\/International\/wp-json\/wp\/v2\/users\/1965"}],"replies":[{"embeddable":true,"href":"https:\/\/linitiative.ca\/International\/wp-json\/wp\/v2\/comments?post=17010"}],"version-history":[{"count":0,"href":"https:\/\/linitiative.ca\/International\/wp-json\/wp\/v2\/posts\/17010\/revisions"}],"wp:attachment":[{"href":"https:\/\/linitiative.ca\/International\/wp-json\/wp\/v2\/media?parent=17010"}],"wp:term":[{"taxonomy":"category","embeddable":true,"href":"https:\/\/linitiative.ca\/International\/wp-json\/wp\/v2\/categories?post=17010"},{"taxonomy":"post_tag","embeddable":true,"href":"https:\/\/linitiative.ca\/International\/wp-json\/wp\/v2\/tags?post=17010"}],"curies":[{"name":"wp","href":"https:\/\/api.w.org\/{rel}","templated":true}]}}