{"id":17011,"date":"2019-02-24T14:18:05","date_gmt":"2019-02-24T19:18:05","guid":{"rendered":"https:\/\/linitiative.ca\/International\/presidentielle-senegalaise-15000-electeurs-inscrits-en-gambie\/"},"modified":"2019-02-24T14:18:05","modified_gmt":"2019-02-24T19:18:05","slug":"presidentielle-senegalaise-15000-electeurs-inscrits-en-gambie","status":"publish","type":"post","link":"https:\/\/linitiative.ca\/International\/presidentielle-senegalaise-15000-electeurs-inscrits-en-gambie\/","title":{"rendered":"Pr\u00e9sidentielle s\u00e9n\u00e9galaise : 15000 \u00e9lecteurs inscrits en Gambie"},"content":{"rendered":"<div readability=\"32\">\n<p>Publi\u00e9 le 24.02.2019 \u00e0 20h18 par APA News<\/p>\n<\/div>\n<div readability=\"68\">\n<p>Au total, 15000 S\u00e9n\u00e9galais vivant en Gambie \u00e9taient appel\u00e9s urnes, dimanche, pour le scrutin pr\u00e9sidentiel 2019, auquel participent cinq candidats.Parmi eux, le pr\u00e9sident sortant, Macky Sall qui a en face de lui Ousmane Sonko, Idrissa Seck, Issa Sall et Madick\u00e9 Niang.<\/p>\n<p>En Gambie, les S\u00e9n\u00e9galais votaient dans 17 centres polarisant 34 bureaux de vote.<\/p>\n<p>Des bureaux de vote ont \u00e9t\u00e9 install\u00e9s dans des lieux publics dans toute la Gambie, \u00e0 savoir la capitale Banjul, la municipalit\u00e9 de Kanifing, la division de West Coast, North Bank, Lower River, Central River, et l\u2019Upper River.<\/p>\n<p>Un incident mineur a \u00e9t\u00e9 signal\u00e9 dans une \u00e9cole primaire de Serrekunda o\u00f9 la police gambienne a d\u00fb intervenir pour faire cesser les tentatives de bourrage des urnes.<\/p>\n<p><ins data-revive-zoneid=\"9\" data-revive-id=\"10111e19d28d19d031742ee3b0b33eb0\"\/> <\/p>\n<p>Des arrestations ont \u00e9t\u00e9 signal\u00e9es par la police, bien que cela ne puisse pas \u00eatre v\u00e9rifi\u00e9 de mani\u00e8re ind\u00e9pendante.<\/p>\n<p>Une vid\u00e9o de l\u2019incident pr\u00e9sum\u00e9 circule sur les r\u00e9seaux sociaux, montrant un policier gambien escortait le suspect hors de l\u2019\u00e9tablissement alors qu\u2019une foule d\u2019\u00e9lecteurs s\u00e9n\u00e9galais \u00e9taient impliqu\u00e9s dans une bagarre dans l\u2019enceinte de l\u2019\u00e9cole.<\/p>\n<\/div>\n<p>Auteur: APA News<br \/>\n<a href=\"https:\/\/www.journalducameroun.com\/presidentielle-senegalaise-15000-electeurs-inscrits-en-gambie\/\">Cliquez ici pour lire l&rsquo;article depuis sa source.<\/a><\/p>\n","protected":false},"excerpt":{"rendered":"<p>Publi\u00e9 le 24.02.2019 \u00e0 20h18 par APA News Au total, 15000 S\u00e9n\u00e9galais vivant en Gambie \u00e9taient appel\u00e9s urnes, dimanche, pour le scrutin pr\u00e9sidentiel 2019, auquel participent cinq candidats.Parmi eux, le pr\u00e9sident sortant, Macky Sall qui a en face de lui Ousmane Sonko, Idrissa Seck, Issa Sall et Madick\u00e9 Niang. En Gambie, les S\u00e9n\u00e9galais votaient dans [&hellip;]<\/p>\n","protected":false},"author":1965,"featured_media":0,"comment_status":"closed","ping_status":"closed","sticky":false,"template":"","format":"standard","meta":{"fifu_image_url":"","fifu_image_alt":"","footnotes":""},"categories":[73,82],"tags":[],"class_list":["post-17011","post","type-post","status-publish","format-standard","hentry","category-actualite","category-cameroun"],"_links":{"self":[{"href":"https:\/\/linitiative.ca\/International\/wp-json\/wp\/v2\/posts\/17011","targetHints":{"allow":["GET"]}}],"collection":[{"href":"https:\/\/linitiative.ca\/International\/wp-json\/wp\/v2\/posts"}],"about":[{"href":"https:\/\/linitiative.ca\/International\/wp-json\/wp\/v2\/types\/post"}],"author":[{"embeddable":true,"href":"https:\/\/linitiative.ca\/International\/wp-json\/wp\/v2\/users\/1965"}],"replies":[{"embeddable":true,"href":"https:\/\/linitiative.ca\/International\/wp-json\/wp\/v2\/comments?post=17011"}],"version-history":[{"count":0,"href":"https:\/\/linitiative.ca\/International\/wp-json\/wp\/v2\/posts\/17011\/revisions"}],"wp:attachment":[{"href":"https:\/\/linitiative.ca\/International\/wp-json\/wp\/v2\/media?parent=17011"}],"wp:term":[{"taxonomy":"category","embeddable":true,"href":"https:\/\/linitiative.ca\/International\/wp-json\/wp\/v2\/categories?post=17011"},{"taxonomy":"post_tag","embeddable":true,"href":"https:\/\/linitiative.ca\/International\/wp-json\/wp\/v2\/tags?post=17011"}],"curies":[{"name":"wp","href":"https:\/\/api.w.org\/{rel}","templated":true}]}}