{"id":17012,"date":"2019-02-24T14:18:06","date_gmt":"2019-02-24T19:18:06","guid":{"rendered":"https:\/\/linitiative.ca\/International\/presidentielle-senegalaise-fermeture-des-bureaux-et-decompte-des-voix\/"},"modified":"2019-02-24T14:18:06","modified_gmt":"2019-02-24T19:18:06","slug":"presidentielle-senegalaise-fermeture-des-bureaux-et-decompte-des-voix","status":"publish","type":"post","link":"https:\/\/linitiative.ca\/International\/presidentielle-senegalaise-fermeture-des-bureaux-et-decompte-des-voix\/","title":{"rendered":"Pr\u00e9sidentielle s\u00e9n\u00e9galaise : fermeture des bureaux et d\u00e9compte des voix"},"content":{"rendered":"<div readability=\"32\">\n<p>Publi\u00e9 le 24.02.2019 \u00e0 20h18 par APA News<\/p>\n<\/div>\n<div readability=\"66\">\n<p>Les bureaux de vote pour le premier tour de l\u2019\u00e9lection pr\u00e9sidentielle au S\u00e9n\u00e9gal, ouverts \u00e0 08 heures locales (GMT), ont ferm\u00e9 officiellement \u00e0 18 heures dans plusieurs localit\u00e9s du pays et le d\u00e9pouillement des bulletins est en cours, ont constat\u00e9 les diff\u00e9rents reporters de APA.Les 6.683.043 S\u00e9n\u00e9galais inscrits sur les listes \u00e9lectorales s\u2019acquittaient de leur droit civique pour d\u00e9partager les cinq candidats qui briguent leurs suffrages.<\/p>\n<p>Candidat \u00e0 un second mandat, le pr\u00e9sident sortant, Macky Sall, qui se pr\u00e9sente sous la banni\u00e8re de la coalition \u00ab Benno Bokk Yaakaar \u00bb (BBY, majorit\u00e9 pr\u00e9sidentielle) fait face \u00e0 quatre opposants : El Hadj Issa Sall (Parti de l\u2019unit\u00e9 et du rassemblement, Pur), Idrissa Seck (coalition Idy 2019), Madick\u00e9 Niang (coalition Madick\u00e9 2019) et Ousmane Sonko (coalition Sonko 2019).<\/p>\n<p>Dans le d\u00e9tail, les 6.683.043 S\u00e9n\u00e9galais inscrits sur les listes \u00e9lectorales se r\u00e9partissent ainsi : 6.373.451 \u00e9lecteurs qui voteront dans le pays et les 306.592 autres \u00e9lecteurs de l\u2019\u00e9tranger qui accompliront leur droit civique dans leur pays de r\u00e9sidence. Pour ce faire, ceux rest\u00e9s au pays ont \u00e0 leur disposition 14.651 bureaux de vote contre 746 ouverts \u00e0 l\u2019intention des S\u00e9n\u00e9galais de la diaspora.<\/p>\n<p><ins data-revive-zoneid=\"9\" data-revive-id=\"10111e19d28d19d031742ee3b0b33eb0\"\/> <\/p>\n<p>Le scrutin est surveill\u00e9 par 5002 observateurs \u00e9lectoraux \u00e9trangers et nationaux, \u00e9manant de 41 missions d\u2019observation accr\u00e9dit\u00e9es par le minist\u00e8re de l\u2019Int\u00e9rieur.<\/p>\n<p>Selon la Commission \u00e9lectorale nationale autonome (Cena), le vote s\u2019est d\u00e9roul\u00e9 normalement \u00e0 99,47%.<\/p>\n<\/div>\n<p>Auteur: APA News<br \/>\n<a href=\"https:\/\/www.journalducameroun.com\/presidentielle-senegalaise-fermeture-des-bureaux-et-decompte-des-voix\/\">Cliquez ici pour lire l&rsquo;article depuis sa source.<\/a><\/p>\n","protected":false},"excerpt":{"rendered":"<p>Publi\u00e9 le 24.02.2019 \u00e0 20h18 par APA News Les bureaux de vote pour le premier tour de l\u2019\u00e9lection pr\u00e9sidentielle au S\u00e9n\u00e9gal, ouverts \u00e0 08 heures locales (GMT), ont ferm\u00e9 officiellement \u00e0 18 heures dans plusieurs localit\u00e9s du pays et le d\u00e9pouillement des bulletins est en cours, ont constat\u00e9 les diff\u00e9rents reporters de APA.Les 6.683.043 S\u00e9n\u00e9galais [&hellip;]<\/p>\n","protected":false},"author":1965,"featured_media":0,"comment_status":"closed","ping_status":"closed","sticky":false,"template":"","format":"standard","meta":{"fifu_image_url":"","fifu_image_alt":"","footnotes":""},"categories":[73,82],"tags":[],"class_list":["post-17012","post","type-post","status-publish","format-standard","hentry","category-actualite","category-cameroun"],"_links":{"self":[{"href":"https:\/\/linitiative.ca\/International\/wp-json\/wp\/v2\/posts\/17012","targetHints":{"allow":["GET"]}}],"collection":[{"href":"https:\/\/linitiative.ca\/International\/wp-json\/wp\/v2\/posts"}],"about":[{"href":"https:\/\/linitiative.ca\/International\/wp-json\/wp\/v2\/types\/post"}],"author":[{"embeddable":true,"href":"https:\/\/linitiative.ca\/International\/wp-json\/wp\/v2\/users\/1965"}],"replies":[{"embeddable":true,"href":"https:\/\/linitiative.ca\/International\/wp-json\/wp\/v2\/comments?post=17012"}],"version-history":[{"count":0,"href":"https:\/\/linitiative.ca\/International\/wp-json\/wp\/v2\/posts\/17012\/revisions"}],"wp:attachment":[{"href":"https:\/\/linitiative.ca\/International\/wp-json\/wp\/v2\/media?parent=17012"}],"wp:term":[{"taxonomy":"category","embeddable":true,"href":"https:\/\/linitiative.ca\/International\/wp-json\/wp\/v2\/categories?post=17012"},{"taxonomy":"post_tag","embeddable":true,"href":"https:\/\/linitiative.ca\/International\/wp-json\/wp\/v2\/tags?post=17012"}],"curies":[{"name":"wp","href":"https:\/\/api.w.org\/{rel}","templated":true}]}}