{"id":17013,"date":"2019-02-24T14:50:02","date_gmt":"2019-02-24T19:50:02","guid":{"rendered":"https:\/\/linitiative.ca\/International\/syrie-face-a-lafflux-de-deplaces-les-forces-anti-ei-en-appellent-aux-pays-concernes\/"},"modified":"2019-02-24T14:50:02","modified_gmt":"2019-02-24T19:50:02","slug":"syrie-face-a-lafflux-de-deplaces-les-forces-anti-ei-en-appellent-aux-pays-concernes","status":"publish","type":"post","link":"https:\/\/linitiative.ca\/International\/syrie-face-a-lafflux-de-deplaces-les-forces-anti-ei-en-appellent-aux-pays-concernes\/","title":{"rendered":"Syrie: face \u00e0 l\u2019afflux de d\u00e9plac\u00e9s, les forces anti-EI en appellent aux pays concern\u00e9s"},"content":{"rendered":"<p>Les forces antijihadistes en Syrie ont exhort\u00e9 dimanche les gouvernements \u00e9trangers \u00e0 \u00ab\u00a0assumer leurs responsabilit\u00e9s\u00a0\u00bb face \u00e0 l\u2019afflux de milliers de leurs ressortissants \u00e9vacu\u00e9s de l\u2019ultime r\u00e9duit du groupe Etat islamique (EI).<\/p>\n<p>Quelque 5.000 personnes \u2013hommes, femmes et enfants\u2013 ont quitt\u00e9 depuis mercredi la derni\u00e8re poche de l\u2019EI, o\u00f9 des jihadistes sont terr\u00e9s dans moins d\u2019un demi-kilom\u00e8tre carr\u00e9 \u00e0 Baghouz, aux confins orientaux de la Syrie.<\/p>\n<p>Depuis d\u00e9cembre, quelque 46.000 personnes, des civils et des jihadistes, ont quitt\u00e9 le secteur, selon l\u2019Observatoire syrien des droits de l\u2019Homme (OSDH).<\/p>\n<p>\u00ab\u00a0Alors que des milliers d\u2019\u00e9trangers fuient le califat en ruine, le fardeau qui est d\u00e9j\u00e0 trop lourd pour nous devient encore plus lourd\u00a0\u00bb, a pr\u00e9venu Moustafa Bali, porte-parole des combattants anti-EI des Forces d\u00e9mocratiques syriennes (FDS).<\/p>\n<p>\u00ab\u00a0C\u2019est le plus grand d\u00e9fi qui nous attend \u00e0 moins que les gouvernements agissent et assument leurs responsabilit\u00e9s \u00e0 l\u2019\u00e9gard de leurs citoyens\u00a0\u00bb, a-t-il ajout\u00e9 sur Twitter, en allusion notamment aux pays occidentaux, dont de nombreux ressortissants avaient rejoint l\u2019EI en Syrie.<\/p>\n<p>\u00ab\u00a0Nos prisons ne peuvent pas accueillir tous les combattants\u00a0\u00bb sortant de la derni\u00e8re poche, a rench\u00e9ri Abdel Karim Omar, charg\u00e9 des Affaires \u00e9trang\u00e8res au sein de l\u2019administration semi-autonome kurde. \u00ab\u00a0La communaut\u00e9 internationale n\u2019assume pas ses responsabilit\u00e9s\u00a0\u00bb.<\/p>\n<p>Les FDS, domin\u00e9es par des combattants kurdes et soutenues par une coalition internationale anti-EI dirig\u00e9e par les Etats-Unis, ont suspendu ces derniers jours la phase \u00ab\u00a0finale\u00a0\u00bb de leur offensive pour \u00e9viter un bain de sang, accusant les jihadistes d\u2019utiliser les civils comme \u00ab\u00a0boucliers humains\u00a0\u00bb.<\/p>\n<p>\u00ab\u00a0Nous avons un corridor ouvert\u00a0\u00bb pour permettre aux derniers civils de sortir, a indiqu\u00e9 samedi \u00e0 l\u2019AFP Adnane Afrine, un autre porte-parole des FDS.<\/p>\n<p>Aucun civil n\u2019a toutefois emprunt\u00e9 ce corridor depuis l\u2019\u00e9vacuation vendredi de plus de 2.000 personnes, principalement des femmes et des enfants en g\u00e9n\u00e9ral li\u00e9s \u00e0 des jihadistes, selon une \u00e9quipe de l\u2019AFP sur place.<\/p>\n<p>Quelque 2.000 personnes seraient encore pr\u00e9sentes dans la poche jihadiste, selon les FDS.<\/p>\n<p>Encercl\u00e9s depuis des semaines, les derniers combattants de l\u2019EI ont truff\u00e9 de mines ce bout de territoire et emp\u00eacheraient certains civils de fuir.<\/p>\n<p>\u2013 Foule compacte \u2013<\/p>\n<p>En attendant, les FDS s\u2019affairent \u00e0 la gestion de l\u2019afflux de ceux d\u00e9j\u00e0 \u00e9vacu\u00e9s, fouill\u00e9s d\u2019abord sur le front puis transf\u00e9r\u00e9s vers des camps de d\u00e9plac\u00e9s dans le nord-est syrien.<\/p>\n<p>\u00ab\u00a0Les Syriens seuls!\u00a0\u00bb, avait ordonn\u00e9 vendredi un combattant des FDS \u00e0 un des points d\u2019accueil, \u00e9tabli aux abords de Baghouz, d\u2019apr\u00e8s une \u00e9quipe de l\u2019AFP.<\/p>\n<p><ins data-revive-zoneid=\"9\" data-revive-id=\"10111e19d28d19d031742ee3b0b33eb0\"\/> <\/p>\n<p>Un groupe s\u2019\u00e9tait alors d\u00e9tach\u00e9 de la foule compacte. Parmi les \u00e9trangers, certains avaient des traits asiatiques, tandis que les peaux mates et les yeux noirs se m\u00e9langeaient aux teints clairs et aux cheveux blonds.<\/p>\n<p>Tous portaient n\u00e9anmoins la m\u00eame tenue vestimentaire: une longue abaya noire ou marron et un bonnet ou un keffieh.<\/p>\n<p>Un porte-parole des FDS a indiqu\u00e9 qu\u2019un groupe de jeunes yazidis faisait \u00ab\u00a0partie des nombreux enfants sauv\u00e9s\u00a0\u00bb ces derniers jours. Cette minorit\u00e9 a \u00e9t\u00e9 particuli\u00e8rement victime des exactions de l\u2019EI, qui la consid\u00e8re comme h\u00e9r\u00e9tique.<\/p>\n<p>\u2013 \u00ab\u00a0D\u00e9fis \u00e9normes\u00a0\u00bb \u2013<\/p>\n<p>Les rescap\u00e9s sont notamment envoy\u00e9s vers le camp de d\u00e9plac\u00e9s d\u2019Al-Hol, dans la province de Hassak\u00e9 (nord-est), au terme de longs trajets dans des conditions tr\u00e8s sommaires.<\/p>\n<p>Depuis d\u00e9cembre, le nombre des personnes d\u00e9c\u00e9d\u00e9es lors de ces trajets ou peu apr\u00e8s leur arriv\u00e9e au camp d\u2019Al-Hol est mont\u00e9 \u00e0 78, a indiqu\u00e9 Misty Buswell, de l\u2019ONG Comit\u00e9 international de secours (IRC) pour le Moyen-Orient. Les deux-tiers de ces d\u00e9c\u00e8s sont ceux de b\u00e9b\u00e9s de moins d\u2019un an, a-t-elle d\u00e9plor\u00e9.<\/p>\n<p>\u00ab\u00a0L\u2019afflux soudain\u00a0\u00bb d\u2019hommes, mais surtout de femmes et d\u2019enfants fuyant Baghouz pose des \u00ab\u00a0d\u00e9fis \u00e9normes\u00a0\u00bb, a averti vendredi le bureau des Affaires humanitaires de l\u2019ONU (Ocha) dans un tweet.<\/p>\n<p>\u00ab\u00a02.000 personnes sont arriv\u00e9es \u00e0 al-Hol ce jour, portant \u00e0 plus de 45.000 la population du camp\u00a0\u00bb, a indiqu\u00e9 \u00e0 l\u2019AFP Misty Buswell. 2.500 autres \u00e9taient arriv\u00e9es dans la nuit de jeudi dont 20 enfants non accompagn\u00e9s, certains \u00e2g\u00e9s de deux ou trois ans seulement, selon l\u2019IRC.<\/p>\n<p>Ceux \u00ab\u00a0qui sont arriv\u00e9s aujourd\u2019hui ont un besoin urgent d\u2019eau et de nourriture et nombre d\u2019entre eux attendent des soins m\u00e9dicaux urgents\u00a0\u00bb, a d\u00e9plor\u00e9 Mme Buswell.<\/p>\n<p>Elle a en outre fait \u00e9tat de l\u2019explosion accidentelle dans la nuit de vendredi d\u2019une bombonne de gaz dans un entrep\u00f4t du camp d\u2019Al-Hol ayant provoqu\u00e9 un incendie blessant 16 travailleurs qui ont d\u00fb \u00eatre hospitalis\u00e9s et br\u00fblant plus de 200 tentes familiales.<\/p>\n<p>L\u2019Ocha a aussi soulign\u00e9 \u00ab\u00a0le besoin urgent de tentes suppl\u00e9mentaires, d\u2019articles sanitaires, de m\u00e9dicaments\u00a0\u00bb \u00e0 Al-Hol.<\/p>\n<p>Ailleurs en Syrie, plus de vingt civils ont p\u00e9ri dimanche dans l\u2019explosion d\u2019une vieille mine enfouie par l\u2019EI dans la province de Hama (centre), selon l\u2019agence de presse officielle Sana.<\/p>\n<p>D\u00e9clench\u00e9e en 2011, le conflit syrien a fait plus de 360.000 morts et d\u00e9plac\u00e9 plusieurs millions de personnes.<\/p>\n<p>Auteur: AFP<br \/>\n<a href=\"https:\/\/www.journalducameroun.com\/syrie-face-a-lafflux-de-deplaces-les-forces-anti-ei-en-appellent-aux-pays-concernes\/\">Cliquez ici pour lire l&rsquo;article depuis sa source.<\/a><\/p>\n","protected":false},"excerpt":{"rendered":"<p>Les forces antijihadistes en Syrie ont exhort\u00e9 dimanche les gouvernements \u00e9trangers \u00e0 \u00ab\u00a0assumer leurs responsabilit\u00e9s\u00a0\u00bb face \u00e0 l\u2019afflux de milliers de leurs ressortissants \u00e9vacu\u00e9s de l\u2019ultime r\u00e9duit du groupe Etat islamique (EI). Quelque 5.000 personnes \u2013hommes, femmes et enfants\u2013 ont quitt\u00e9 depuis mercredi la derni\u00e8re poche de l\u2019EI, o\u00f9 des jihadistes sont terr\u00e9s dans moins [&hellip;]<\/p>\n","protected":false},"author":1965,"featured_media":0,"comment_status":"closed","ping_status":"closed","sticky":false,"template":"","format":"standard","meta":{"fifu_image_url":"","fifu_image_alt":"","footnotes":""},"categories":[73,82],"tags":[],"class_list":["post-17013","post","type-post","status-publish","format-standard","hentry","category-actualite","category-cameroun"],"_links":{"self":[{"href":"https:\/\/linitiative.ca\/International\/wp-json\/wp\/v2\/posts\/17013","targetHints":{"allow":["GET"]}}],"collection":[{"href":"https:\/\/linitiative.ca\/International\/wp-json\/wp\/v2\/posts"}],"about":[{"href":"https:\/\/linitiative.ca\/International\/wp-json\/wp\/v2\/types\/post"}],"author":[{"embeddable":true,"href":"https:\/\/linitiative.ca\/International\/wp-json\/wp\/v2\/users\/1965"}],"replies":[{"embeddable":true,"href":"https:\/\/linitiative.ca\/International\/wp-json\/wp\/v2\/comments?post=17013"}],"version-history":[{"count":0,"href":"https:\/\/linitiative.ca\/International\/wp-json\/wp\/v2\/posts\/17013\/revisions"}],"wp:attachment":[{"href":"https:\/\/linitiative.ca\/International\/wp-json\/wp\/v2\/media?parent=17013"}],"wp:term":[{"taxonomy":"category","embeddable":true,"href":"https:\/\/linitiative.ca\/International\/wp-json\/wp\/v2\/categories?post=17013"},{"taxonomy":"post_tag","embeddable":true,"href":"https:\/\/linitiative.ca\/International\/wp-json\/wp\/v2\/tags?post=17013"}],"curies":[{"name":"wp","href":"https:\/\/api.w.org\/{rel}","templated":true}]}}