{"id":17015,"date":"2019-02-24T16:18:05","date_gmt":"2019-02-24T21:18:05","guid":{"rendered":"https:\/\/linitiative.ca\/International\/le-candidat-el-hadj-issa-sall-gagne-son-centre-de-vote-devant-macky-sall\/"},"modified":"2019-02-24T16:18:05","modified_gmt":"2019-02-24T21:18:05","slug":"le-candidat-el-hadj-issa-sall-gagne-son-centre-de-vote-devant-macky-sall","status":"publish","type":"post","link":"https:\/\/linitiative.ca\/International\/le-candidat-el-hadj-issa-sall-gagne-son-centre-de-vote-devant-macky-sall\/","title":{"rendered":"Le candidat El Hadj Issa Sall gagne son centre de vote devant Macky Sall"},"content":{"rendered":"<div readability=\"32\">\n<p>Publi\u00e9 le 24.02.2019 \u00e0 22h18 par APA News<\/p>\n<\/div>\n<div readability=\"55\">\n<p>Le candidat El Hadj Issa Sall a devanc\u00e9 Macky Sall dans le centre El Hadj Moustapha Sarr, o\u00f9 il a vot\u00e9 ce dimanche pour le scrutin pr\u00e9sidentiel du 24 f\u00e9vrier 2019.Le candidat El Hadj Issa Sall a remport\u00e9 son centre de vote \u00e0 Tattaguine devant le candidat Macky Sall pour le scrutin pr\u00e9sidentiel qui s\u2019est tenu ce dimanche 24 f\u00e9vrier 2019. L\u2019Arrondissement de Tattaguine compte trois commune : Tattaguine comme chef-lieu de commune, Diarrere, et Dioroup. A Tattaguine, au centre El Hadji Moustapha Sarr, o\u00f9 El Hadj Issa Sall a vot\u00e9 ce dimanche, les r\u00e9sultats globaux dans les trois bureaux se pr\u00e9sentent comme suit : El Hadj Issa Sall (510 voix), Macky Sall (351 voix), Idrissa Seck (26 voix) Madick\u00e9 Niang (3 voix), Ousmane Sonko (82 voix)<\/p>\n<p>Le candidat El Hadj Issa Sall devance Macky Sall de 159 voix. Pour le chef de file de la coalition PUR100, la hi\u00e9rarchie est respect\u00e9e dans son centre de vote \u00e0 Tattaguine.<\/p>\n<p><ins data-revive-zoneid=\"9\" data-revive-id=\"10111e19d28d19d031742ee3b0b33eb0\"\/> <\/p>\n<p>Toutefois, le candidat Macky Sall a remport\u00e9 largement les deux autres communes de Tattaguine \u00e0 Diarrere et Dioroup. La tendance aussi se confirme au niveau du d\u00e9partement de Fatick, ou le candidat Macky Sall se dirige vers une large victoire. Nous y reviendrons en d\u00e9tails avec les r\u00e9sultats globaux que nous sommes en train de collecter\u00a0<\/p>\n<\/div>\n<p>Auteur: APA News<br \/>\n<a href=\"https:\/\/www.journalducameroun.com\/le-candidat-el-hadj-issa-sall-gagne-son-centre-de-vote-devant-macky-sall\/\">Cliquez ici pour lire l&rsquo;article depuis sa source.<\/a><\/p>\n","protected":false},"excerpt":{"rendered":"<p>Publi\u00e9 le 24.02.2019 \u00e0 22h18 par APA News Le candidat El Hadj Issa Sall a devanc\u00e9 Macky Sall dans le centre El Hadj Moustapha Sarr, o\u00f9 il a vot\u00e9 ce dimanche pour le scrutin pr\u00e9sidentiel du 24 f\u00e9vrier 2019.Le candidat El Hadj Issa Sall a remport\u00e9 son centre de vote \u00e0 Tattaguine devant le candidat [&hellip;]<\/p>\n","protected":false},"author":1965,"featured_media":0,"comment_status":"closed","ping_status":"closed","sticky":false,"template":"","format":"standard","meta":{"fifu_image_url":"","fifu_image_alt":"","footnotes":""},"categories":[73,82],"tags":[],"class_list":["post-17015","post","type-post","status-publish","format-standard","hentry","category-actualite","category-cameroun"],"_links":{"self":[{"href":"https:\/\/linitiative.ca\/International\/wp-json\/wp\/v2\/posts\/17015","targetHints":{"allow":["GET"]}}],"collection":[{"href":"https:\/\/linitiative.ca\/International\/wp-json\/wp\/v2\/posts"}],"about":[{"href":"https:\/\/linitiative.ca\/International\/wp-json\/wp\/v2\/types\/post"}],"author":[{"embeddable":true,"href":"https:\/\/linitiative.ca\/International\/wp-json\/wp\/v2\/users\/1965"}],"replies":[{"embeddable":true,"href":"https:\/\/linitiative.ca\/International\/wp-json\/wp\/v2\/comments?post=17015"}],"version-history":[{"count":0,"href":"https:\/\/linitiative.ca\/International\/wp-json\/wp\/v2\/posts\/17015\/revisions"}],"wp:attachment":[{"href":"https:\/\/linitiative.ca\/International\/wp-json\/wp\/v2\/media?parent=17015"}],"wp:term":[{"taxonomy":"category","embeddable":true,"href":"https:\/\/linitiative.ca\/International\/wp-json\/wp\/v2\/categories?post=17015"},{"taxonomy":"post_tag","embeddable":true,"href":"https:\/\/linitiative.ca\/International\/wp-json\/wp\/v2\/tags?post=17015"}],"curies":[{"name":"wp","href":"https:\/\/api.w.org\/{rel}","templated":true}]}}