{"id":17016,"date":"2019-02-24T16:50:02","date_gmt":"2019-02-24T21:50:02","guid":{"rendered":"https:\/\/linitiative.ca\/International\/tiraillee-entre-moscou-et-lue-la-moldavie-elit-ses-deputes\/"},"modified":"2019-02-24T16:50:02","modified_gmt":"2019-02-24T21:50:02","slug":"tiraillee-entre-moscou-et-lue-la-moldavie-elit-ses-deputes","status":"publish","type":"post","link":"https:\/\/linitiative.ca\/International\/tiraillee-entre-moscou-et-lue-la-moldavie-elit-ses-deputes\/","title":{"rendered":"Tiraill\u00e9e entre Moscou et l\u2019UE, la Moldavie \u00e9lit ses d\u00e9put\u00e9s"},"content":{"rendered":"<div readability=\"32\">\n<p>Publi\u00e9 le 24.02.2019 \u00e0 22h50 par AFP<\/p>\n<\/div>\n<div readability=\"151\">\n<p>Les Moldaves ont vot\u00e9 dimanche pour \u00e9lire leurs d\u00e9put\u00e9s, un scrutin entach\u00e9 d\u2019accusations de fraudes qui refl\u00e8te la profonde division du pays entre partisans d\u2019un rapprochement avec Moscou et ceux qui pr\u00f4nent une adh\u00e9sion \u00e0 l\u2019Union europ\u00e9enne.<\/p>\n<p>A la fermeture des bureaux de vote \u00e0 21H00 locales (19H00 GMT), le taux de participation d\u00e9passait l\u00e9g\u00e8rement les 49% selon la Commission \u00e9lectorale centrale. Les r\u00e9sultats ne seront pas connus avant lundi.<\/p>\n<p>Les \u00e9lecteurs devaient \u00e9lire les 101 d\u00e9put\u00e9s du Parlement pour un mandat de quatre ans.<\/p>\n<p>Les \u00e9lections se jouent entre trois acteurs principaux: le Parti socialiste du pr\u00e9sident prorusse Igor Dodon, le Parti d\u00e9mocrate au pouvoir du richissime Vlad Plahotniuc, et ACUM, une alliance pro-europ\u00e9enne.<\/p>\n<p>Alors que beaucoup de ses 3,5 millions d\u2019habitants souhaitent le maintien de relations \u00e9troites avec Moscou, d\u2019autres veulent suivre l\u2019exemple de la Roumanie, avec laquelle la Moldavie partage une longue histoire ainsi qu\u2019une langue commune, et tournent leurs regards vers l\u2019Union europ\u00e9enne (UE).<\/p>\n<p>\u2013 Accusations de fraudes \u2013<\/p>\n<p>Dans un contexte tendu et face \u00e0 un r\u00e9sultat incertain, l\u2019\u00e9lection a \u00e9t\u00e9 marqu\u00e9e par de nombreuses accusations de fraudes.<\/p>\n<p>\u00ab\u00a0Ces \u00e9lections n\u2019\u00e9taient ni libres, ni correctes, ni d\u00e9mocratiques. C\u2019\u00e9tait les \u00e9lections les moins d\u00e9mocratiques de l\u2019histoire de la Moldavie\u00a0\u00bb, a d\u00e9nonc\u00e9 apr\u00e8s la fermeture des bureaux Ma\u00efa Sandu, l\u2019une des principales figures de l\u2019alliance ACUM.<\/p>\n<p>Igor Dodon et Vlad Plahotniuc, dont le parti est donn\u00e9 seulement troisi\u00e8me par les sondages, se sont notamment accus\u00e9 mutuellement d\u2019achats de voix.<\/p>\n<p>\u00ab\u00a0N\u2019ayez pas peur et ne vous laissez pas soudoyer. N\u2019ayez pas peur de perdre votre emploi (\u2026) Je sais qu\u2019on vous incite \u00e0 voter pour certains partis\u00a0\u00bb, a ass\u00e9n\u00e9 le pr\u00e9sident Dodon devant les cam\u00e9ras apr\u00e8s avoir vot\u00e9 \u00e0 Chisinau, la capitale.<\/p>\n<p>Le pr\u00e9sident pro-russe a \u00e9t\u00e9 rejoint dans ses accusations par le pro-europ\u00e9en Andre\u00ef Nastase, l\u2019un des leaders de l\u2019alliance ACUM : les militants du parti au pouvoir \u00ab\u00a0am\u00e8neront en bus des personnes vuln\u00e9rables, pr\u00eates \u00e0 \u00eatre corrompues\u00a0\u00bb, a-t-il d\u00e9nonc\u00e9.<\/p>\n<p>Le parti de l\u2019oligarque Vlad Plahotniuc a lui aussi d\u00e9nonc\u00e9 des fraudes. \u00ab\u00a0Nous avons \u00e9t\u00e9 avertis que des leaders du Parti socialiste offrent de l\u2019argent aux habitants (de Transnistrie) pour soutenir leurs candidats\u00a0\u00bb, a d\u00e9clar\u00e9 le vice-pr\u00e9sident du Parti d\u00e9mocrate, Vladimir Tchebotar.<\/p>\n<p><ins data-revive-zoneid=\"9\" data-revive-id=\"10111e19d28d19d031742ee3b0b33eb0\"\/> <\/p>\n<p>Les partis socialiste et d\u00e9mocrate ont annonc\u00e9 avoir d\u00e9pos\u00e9 une plainte aupr\u00e8s de la Commission \u00e9lectorale.<\/p>\n<p>En t\u00eate des sondages, le Parti socialiste d\u2019Igor Dodon, qui milite pour un rapprochement avec la Russie et une entr\u00e9e dans son Union \u00e9conomique eurasiatique, pourrait remporter jusqu\u2019\u00e0 50% des suffrages.<\/p>\n<p>\u2013 Russie ou UE ? \u2013<\/p>\n<p>L\u2019alliance ACUM est donn\u00e9e en seconde position: elle rassemble deux partis favorables \u00e0 l\u2019entr\u00e9e dans l\u2019Union europ\u00e9enne et l\u2019Otan et d\u00e9nonce \u00ab\u00a0l\u2019accaparement\u00a0\u00bb par le Parti d\u00e9mocrate des postes \u00e0 responsabilit\u00e9 dans la politique, la justice et les forces de l\u2019ordre.<\/p>\n<p>Si aucune de ces formations n\u2019obtient la majorit\u00e9 pour former seule un gouvernement, une nouvelle p\u00e9riode d\u2019instabilit\u00e9 est \u00e0 craindre.<\/p>\n<p>Alimentant le climat tendu des derniers jours de campagne, la police russe a impliqu\u00e9 vendredi Vlad Plahotniuc dans un circuit de blanchiment d\u2019argent pass\u00e9 par la Russie qui aurait fonctionn\u00e9 en 2013 et 2014.<\/p>\n<p>Son parti a d\u00e9nonc\u00e9 une \u00ab\u00a0ing\u00e9rence grossi\u00e8re\u00a0\u00bb de Moscou dans le scrutin, alors qu\u2019Igor Dodon, \u00e9lu en novembre 2016, est consid\u00e9r\u00e9 comme un alli\u00e9 de Vladimir Poutine.<\/p>\n<p>Entrav\u00e9 dans ses projets de rapprochement avec Moscou par le Parlement et le gouvernement, Igor Dodon a adouci son discours et ne milite plus pour le rejet de l\u2019accord d\u2019association sign\u00e9 entre la Moldavie et l\u2019UE en 2014. Son objectif, d\u00e9sormais, est que son pays puisse \u00ab\u00a0faire du commerce avec la Russie comme avec l\u2019UE\u00a0\u00bb.<\/p>\n<p>Cet accord d\u2019association a permis l\u2019ouverture graduelle du march\u00e9 europ\u00e9en aux produits moldaves, mais a suscit\u00e9 la col\u00e8re de Moscou qui avait aussit\u00f4t impos\u00e9 un embargo sur les fruits et la viande moldaves.<\/p>\n<p>Coinc\u00e9e entre l\u2019Ukraine et la Roumanie, la Moldavie, l\u2019un des pays les plus pauvres d\u2019Europe, a travers\u00e9 plusieurs crises politiques depuis son ind\u00e9pendance en 1991 sur les d\u00e9combres de l\u2019Union Sovi\u00e9tique et cherche encore \u00e0 d\u00e9finir son orientation.<\/p>\n<p>Elle doit en outre g\u00e9rer un conflit gel\u00e9 en Transnistrie, un territoire s\u00e9paratiste prorusse qui \u00e9chappe \u00e0 son contr\u00f4le.<\/p>\n<\/div>\n<p>Auteur: AFP<br \/>\n<a href=\"https:\/\/www.journalducameroun.com\/tiraillee-entre-moscou-et-lue-la-moldavie-elit-ses-deputes\/\">Cliquez ici pour lire l&rsquo;article depuis sa source.<\/a><\/p>\n","protected":false},"excerpt":{"rendered":"<p>Publi\u00e9 le 24.02.2019 \u00e0 22h50 par AFP Les Moldaves ont vot\u00e9 dimanche pour \u00e9lire leurs d\u00e9put\u00e9s, un scrutin entach\u00e9 d\u2019accusations de fraudes qui refl\u00e8te la profonde division du pays entre partisans d\u2019un rapprochement avec Moscou et ceux qui pr\u00f4nent une adh\u00e9sion \u00e0 l\u2019Union europ\u00e9enne. A la fermeture des bureaux de vote \u00e0 21H00 locales (19H00 [&hellip;]<\/p>\n","protected":false},"author":1965,"featured_media":0,"comment_status":"closed","ping_status":"closed","sticky":false,"template":"","format":"standard","meta":{"fifu_image_url":"","fifu_image_alt":"","footnotes":""},"categories":[73,82],"tags":[],"class_list":["post-17016","post","type-post","status-publish","format-standard","hentry","category-actualite","category-cameroun"],"_links":{"self":[{"href":"https:\/\/linitiative.ca\/International\/wp-json\/wp\/v2\/posts\/17016","targetHints":{"allow":["GET"]}}],"collection":[{"href":"https:\/\/linitiative.ca\/International\/wp-json\/wp\/v2\/posts"}],"about":[{"href":"https:\/\/linitiative.ca\/International\/wp-json\/wp\/v2\/types\/post"}],"author":[{"embeddable":true,"href":"https:\/\/linitiative.ca\/International\/wp-json\/wp\/v2\/users\/1965"}],"replies":[{"embeddable":true,"href":"https:\/\/linitiative.ca\/International\/wp-json\/wp\/v2\/comments?post=17016"}],"version-history":[{"count":0,"href":"https:\/\/linitiative.ca\/International\/wp-json\/wp\/v2\/posts\/17016\/revisions"}],"wp:attachment":[{"href":"https:\/\/linitiative.ca\/International\/wp-json\/wp\/v2\/media?parent=17016"}],"wp:term":[{"taxonomy":"category","embeddable":true,"href":"https:\/\/linitiative.ca\/International\/wp-json\/wp\/v2\/categories?post=17016"},{"taxonomy":"post_tag","embeddable":true,"href":"https:\/\/linitiative.ca\/International\/wp-json\/wp\/v2\/tags?post=17016"}],"curies":[{"name":"wp","href":"https:\/\/api.w.org\/{rel}","templated":true}]}}