{"id":17034,"date":"2019-02-24T18:19:25","date_gmt":"2019-02-24T23:19:25","guid":{"rendered":"https:\/\/linitiative.ca\/International\/cote-divoire-education-la-cosef-reconduit-lundi-sa-greve-apres-les-conges-de-fevrier\/"},"modified":"2019-02-24T18:19:25","modified_gmt":"2019-02-24T23:19:25","slug":"cote-divoire-education-la-cosef-reconduit-lundi-sa-greve-apres-les-conges-de-fevrier","status":"publish","type":"post","link":"https:\/\/linitiative.ca\/International\/cote-divoire-education-la-cosef-reconduit-lundi-sa-greve-apres-les-conges-de-fevrier\/","title":{"rendered":"C\u00f4te d\u2019Ivoire\/\u00e9ducation: la Cosef reconduit lundi sa gr\u00e8ve apr\u00e8s les cong\u00e9s de f\u00e9vrier"},"content":{"rendered":"<div readability=\"32\">\n<p>Publi\u00e9 le 25.02.2019 \u00e0 00h19 par APA News<\/p>\n<\/div>\n<div readability=\"64\">\n<p>La Coalition des syndicats du secteur \u00e9ducation et formation de C\u00f4te d\u2019Ivoire (Cosef-C\u00f4te d\u2019Ivoire), qui observe depuis plus d\u2019un mois une gr\u00e8ve pour r\u00e9clamer des indemnit\u00e9s de logement, annonce la reconduction de son mouvement lundi, apr\u00e8s les \u00ab cong\u00e9s de f\u00e9vrier\u00bb.\u00ab Demain, lundi 25 f\u00e9vrier (2019), pas de cours jusqu\u2019\u00e0 \u00a0satisfaction de nos revendications \u00bb, \u00e9crit dans une note transmise \u00a0dimanche \u00e0 APA, Pac\u00f4me Attaby, porte-parole de la Cosef, alors que \u00a0reprennent ce lundi les cours apr\u00e8s les \u00ab cong\u00e9s de f\u00e9vrier\u00bb.<\/p>\n<p>L\u2019organisation \u00a0syndicale menace d\u2019une ann\u00e9e blanche s\u2019il n\u2019y a pas d\u2019indemnit\u00e9s de \u00a0logement. Les enseignants du primaire et ceux du premier cycle du \u00a0secondaire ont 40.000 Fcfa d\u2019indemnit\u00e9 de logement, tandis que ceux du \u00a0second cycle de l\u2019enseignement secondaire ont 50.000 Fcfa.<\/p>\n<p>\u00ab \u00a0Pour tous les enseignants du secondaire, tout grade confondu, nous \u00a0demandons 180.000 Fcfa d\u2019indemnit\u00e9 de logement et pour les enseignants \u00a0du primaire, nous demandons 120.000 Fcfa sans indexation\u00bb, r\u00e9clame le \u00a0syndicat. \u00a0<\/p>\n<p><ins data-revive-zoneid=\"9\" data-revive-id=\"10111e19d28d19d031742ee3b0b33eb0\"\/> <\/p>\n<p>La Cosef a suspendu, il y a quelques \u00a0jours, les discussions entam\u00e9es avec le gouvernement \u00e0 la suite d\u2019une \u00a0arrestation de deux responsables syndicaux de la Cordination nationale \u00a0des enseignants et chercheurs de C\u00f4te d\u2019Ivoire (Cnec).\u00a0<\/p>\n<\/div>\n<p>Auteur: APA News<br \/>\n<a href=\"https:\/\/www.journalducameroun.com\/cote-divoire-education-la-cosef-reconduit-lundi-sa-greve-apres-les-conges-de-fevrier\/\">Cliquez ici pour lire l&rsquo;article depuis sa source.<\/a><\/p>\n","protected":false},"excerpt":{"rendered":"<p>Publi\u00e9 le 25.02.2019 \u00e0 00h19 par APA News La Coalition des syndicats du secteur \u00e9ducation et formation de C\u00f4te d\u2019Ivoire (Cosef-C\u00f4te d\u2019Ivoire), qui observe depuis plus d\u2019un mois une gr\u00e8ve pour r\u00e9clamer des indemnit\u00e9s de logement, annonce la reconduction de son mouvement lundi, apr\u00e8s les \u00ab cong\u00e9s de f\u00e9vrier\u00bb.\u00ab Demain, lundi 25 f\u00e9vrier (2019), pas [&hellip;]<\/p>\n","protected":false},"author":1965,"featured_media":0,"comment_status":"closed","ping_status":"closed","sticky":false,"template":"","format":"standard","meta":{"fifu_image_url":"","fifu_image_alt":"","footnotes":""},"categories":[73,82],"tags":[],"class_list":["post-17034","post","type-post","status-publish","format-standard","hentry","category-actualite","category-cameroun"],"_links":{"self":[{"href":"https:\/\/linitiative.ca\/International\/wp-json\/wp\/v2\/posts\/17034","targetHints":{"allow":["GET"]}}],"collection":[{"href":"https:\/\/linitiative.ca\/International\/wp-json\/wp\/v2\/posts"}],"about":[{"href":"https:\/\/linitiative.ca\/International\/wp-json\/wp\/v2\/types\/post"}],"author":[{"embeddable":true,"href":"https:\/\/linitiative.ca\/International\/wp-json\/wp\/v2\/users\/1965"}],"replies":[{"embeddable":true,"href":"https:\/\/linitiative.ca\/International\/wp-json\/wp\/v2\/comments?post=17034"}],"version-history":[{"count":0,"href":"https:\/\/linitiative.ca\/International\/wp-json\/wp\/v2\/posts\/17034\/revisions"}],"wp:attachment":[{"href":"https:\/\/linitiative.ca\/International\/wp-json\/wp\/v2\/media?parent=17034"}],"wp:term":[{"taxonomy":"category","embeddable":true,"href":"https:\/\/linitiative.ca\/International\/wp-json\/wp\/v2\/categories?post=17034"},{"taxonomy":"post_tag","embeddable":true,"href":"https:\/\/linitiative.ca\/International\/wp-json\/wp\/v2\/tags?post=17034"}],"curies":[{"name":"wp","href":"https:\/\/api.w.org\/{rel}","templated":true}]}}