{"id":17037,"date":"2019-02-24T18:19:27","date_gmt":"2019-02-24T23:19:27","guid":{"rendered":"https:\/\/linitiative.ca\/International\/coupe-de-la-caf-la-rsb-bat-le-raja-de-casablanca-et-sempare-de-la-tete-du-groupe\/"},"modified":"2019-02-24T18:19:27","modified_gmt":"2019-02-24T23:19:27","slug":"coupe-de-la-caf-la-rsb-bat-le-raja-de-casablanca-et-sempare-de-la-tete-du-groupe","status":"publish","type":"post","link":"https:\/\/linitiative.ca\/International\/coupe-de-la-caf-la-rsb-bat-le-raja-de-casablanca-et-sempare-de-la-tete-du-groupe\/","title":{"rendered":"Coupe de la CAF : La RSB bat le Raja de Casablanca et s\u2019empare de la t\u00eate du groupe"},"content":{"rendered":"<div readability=\"32\">\n<p>Publi\u00e9 le 25.02.2019 \u00e0 00h19 par APA News<\/p>\n<\/div>\n<div readability=\"50\">\n<p>La Renaissance Sportive de Berkane s\u2019est impos\u00e9e hors de ses bases face au Raja de Casablanca par 4 buts \u00e0 2, dimanche en match de la 3\u00e8me journ\u00e9e de la Coupe de la Conf\u00e9d\u00e9ration africaine de football (groupe A) disput\u00e9 au Complexe sportif Prince Moulay Abdellah de Rabat.La RSB a ouvert la marque d\u2019un but contre son camp d\u2019Imrane Fidi \u00e0 la 11\u00e8 minute de jeu, avant que Kodjo Laba ne double la mise (52\u00e8). Les Casablancais n\u2019ont pas profit\u00e9 de la r\u00e9duction du score de Mouhsine Iajour (60\u00e8) et vont encaisser les troisi\u00e8me et quatri\u00e8me buts sign\u00e9s Mohammed Farhane (64\u00e8) et Laba (84\u00e8). Entretemps, Iajour avait r\u00e9duit le score pour les Verts (78\u00e8, 4-2).\u00a0<\/p>\n<p>Cette victoire permet \u00e0 la RSB de se maintenir en t\u00eate du classement avec 7 points.\u00a0<\/p>\n<p>Dans l\u2019autre match du groupe, le club marocain du Hassania d\u2019Agadir a battu les Congolais de l\u2019AS Otoho Doyo sur le score de 2 \u00e0 1. L\u2019attaquant Yassine a inscrit un doubl\u00e9 \u00a0\u00e0 la 50 et 54 minutes de jeu avant que Mattewes Battamba ne r\u00e9duise le score \u00e0 la 88\u00e8me minute pour le club congolais.<\/p>\n<p><ins data-revive-zoneid=\"9\" data-revive-id=\"10111e19d28d19d031742ee3b0b33eb0\"\/> <\/p>\n<p>Le Hassania d\u2019Agadir occupe ainsi la 3\u00e8me place du groupe avec 5 points alors que l\u2019AS Otoho Doyo et le Raja de \u00a0Casablanca se trouvent en bas du tableau avec 2 points chacun.<\/p>\n<\/div>\n<p>Auteur: APA News<br \/>\n<a href=\"https:\/\/www.journalducameroun.com\/coupe-de-la-caf-la-rsb-bat-le-raja-de-casablanca-et-sempare-de-la-tete-du-groupe\/\">Cliquez ici pour lire l&rsquo;article depuis sa source.<\/a><\/p>\n","protected":false},"excerpt":{"rendered":"<p>Publi\u00e9 le 25.02.2019 \u00e0 00h19 par APA News La Renaissance Sportive de Berkane s\u2019est impos\u00e9e hors de ses bases face au Raja de Casablanca par 4 buts \u00e0 2, dimanche en match de la 3\u00e8me journ\u00e9e de la Coupe de la Conf\u00e9d\u00e9ration africaine de football (groupe A) disput\u00e9 au Complexe sportif Prince Moulay Abdellah de [&hellip;]<\/p>\n","protected":false},"author":1965,"featured_media":0,"comment_status":"closed","ping_status":"closed","sticky":false,"template":"","format":"standard","meta":{"fifu_image_url":"","fifu_image_alt":"","footnotes":""},"categories":[73,82],"tags":[],"class_list":["post-17037","post","type-post","status-publish","format-standard","hentry","category-actualite","category-cameroun"],"_links":{"self":[{"href":"https:\/\/linitiative.ca\/International\/wp-json\/wp\/v2\/posts\/17037","targetHints":{"allow":["GET"]}}],"collection":[{"href":"https:\/\/linitiative.ca\/International\/wp-json\/wp\/v2\/posts"}],"about":[{"href":"https:\/\/linitiative.ca\/International\/wp-json\/wp\/v2\/types\/post"}],"author":[{"embeddable":true,"href":"https:\/\/linitiative.ca\/International\/wp-json\/wp\/v2\/users\/1965"}],"replies":[{"embeddable":true,"href":"https:\/\/linitiative.ca\/International\/wp-json\/wp\/v2\/comments?post=17037"}],"version-history":[{"count":0,"href":"https:\/\/linitiative.ca\/International\/wp-json\/wp\/v2\/posts\/17037\/revisions"}],"wp:attachment":[{"href":"https:\/\/linitiative.ca\/International\/wp-json\/wp\/v2\/media?parent=17037"}],"wp:term":[{"taxonomy":"category","embeddable":true,"href":"https:\/\/linitiative.ca\/International\/wp-json\/wp\/v2\/categories?post=17037"},{"taxonomy":"post_tag","embeddable":true,"href":"https:\/\/linitiative.ca\/International\/wp-json\/wp\/v2\/tags?post=17037"}],"curies":[{"name":"wp","href":"https:\/\/api.w.org\/{rel}","templated":true}]}}