{"id":17039,"date":"2019-02-24T18:19:28","date_gmt":"2019-02-24T23:19:28","guid":{"rendered":"https:\/\/linitiative.ca\/International\/le-conseil-cafe-cacao-a-la-conquete-dune-pepiniere-de-consommateurs-du-chocolat-ivoirien\/"},"modified":"2019-02-24T18:19:28","modified_gmt":"2019-02-24T23:19:28","slug":"le-conseil-cafe-cacao-a-la-conquete-dune-pepiniere-de-consommateurs-du-chocolat-ivoirien","status":"publish","type":"post","link":"https:\/\/linitiative.ca\/International\/le-conseil-cafe-cacao-a-la-conquete-dune-pepiniere-de-consommateurs-du-chocolat-ivoirien\/","title":{"rendered":"Le Conseil caf\u00e9 cacao \u00e0 la conqu\u00eate d\u2019une p\u00e9pini\u00e8re de consommateurs du chocolat ivoirien"},"content":{"rendered":"<div readability=\"32\">\n<p>Publi\u00e9 le 25.02.2019 \u00e0 00h19 par APA News<\/p>\n<\/div>\n<div readability=\"71\">\n<p>Le Conseil du caf\u00e9 cacao pr\u00e9sent \u00e0 la 56\u00e8 \u00e9dition du Salon international de l\u2019agriculture (SIA) de Paris est \u00e0 la conqu\u00eate d\u2019une p\u00e9pini\u00e8re de consommateurs du chocolat de C\u00f4te d\u2019Ivoire avec comme activit\u00e9 une \u00abclasse cacao\u00bb pour l\u2019initiation du processus de fabrication du chocolat aux enfants dont l\u2019\u00e2ge varie entre 4 et 10 ans.Ils \u00e9taient des dizaines d\u2019enfants pr\u00e9sents, tous enthousiasm\u00e9s de d\u00e9couvrir pour la premi\u00e8re fois une cabosse de cacao et press\u00e9s de d\u00e9buter l\u2019atelier. La premi\u00e8re \u00e9tape de cet atelier a consist\u00e9 d\u2019abord \u00e0 voir un film sur le processus de fabrication du chocolat de la plantation au chocolat.<\/p>\n<p>Apr\u00e8s la p\u00e2te de chocolat renvers\u00e9e dans des semoules, ces enfants dont l\u2019\u00e2ge varie entre 4 et 10 ans sont en pleine fabrication de bonbon au chocolat, un v\u00e9ritable jeu pour eux.<\/p>\n<p>Pendant plus de 2 heures, \u00a0le ma\u00eetre chocolatier et les responsables du Conseil caf\u00e9 cacao ont \u00e9galement pr\u00e9sent\u00e9 le circuit de production du cacao \u00e0 ces enfants venus de plusieurs r\u00e9gions de la France.<\/p>\n<p>Selon Mme Mariam Dagnogo, Directrice de communication du Conseil caf\u00e9 cacao, ces ateliers devraient permettre de mettre l\u2019accent sur la promotion au niveau de la petite enfance que \u00ab nous consid\u00e9rons comme une p\u00e9pini\u00e8re de consommateurs \u00e0 qui il faut donner des habitudes de consommation du chocolat et surtout du chocolat de C\u00f4te d\u2019Ivoire \u00bb.<\/p>\n<p><ins data-revive-zoneid=\"9\" data-revive-id=\"10111e19d28d19d031742ee3b0b33eb0\"\/> <\/p>\n<p>\u00ab L\u2019activit\u00e9 de ce matin a \u00e9t\u00e9 d\u00e9di\u00e9e aux enfants et c\u2019est une activit\u00e9 que le Conseil du caf\u00e9 cacao conduit depuis plus de deux ans aux Salons de l\u2019agriculture de Paris une activit\u00e9 d\u00e9di\u00e9e \u00e0 la petite enfance pour leur apprendre le cheminement du cacao et aussi pour leur permettre d\u2019avoir l\u2019amour de cacao et du chocolat surtout de C\u00f4te d\u2019Ivoire \u00bb, a-t-elle ajout\u00e9.<\/p>\n<p>Sur le stand Ivoirien une autre attraction, un tisserand venu de Korhogo (extr\u00eame nord ivoirien) en pleine fabrique de pagne tiss\u00e9 du Nord de la C\u00f4te d\u2019Ivoire suscite la curiosit\u00e9 des visiteurs.<\/p>\n<p>La 56\u00e8 \u00e9dition du Salon international de l\u2019agriculture de Paris 2019 entend mettre en lumi\u00e8re les acteurs du secteur et leur savoir-faire dans la production agroalimentaire \u00e0 travers le th\u00e8me \u00ab des femmes, des hommes, des talents \u00bb. Cette \u00e9dition devrait attirer plus de 600 000 visiteurs venus du monde.<\/p>\n<\/div>\n<p>Auteur: APA News<br \/>\n<a href=\"https:\/\/www.journalducameroun.com\/le-conseil-cafe-cacao-a-la-conquete-dune-pepiniere-de-consommateurs-du-chocolat-ivoirien\/\">Cliquez ici pour lire l&rsquo;article depuis sa source.<\/a><\/p>\n","protected":false},"excerpt":{"rendered":"<p>Publi\u00e9 le 25.02.2019 \u00e0 00h19 par APA News Le Conseil du caf\u00e9 cacao pr\u00e9sent \u00e0 la 56\u00e8 \u00e9dition du Salon international de l\u2019agriculture (SIA) de Paris est \u00e0 la conqu\u00eate d\u2019une p\u00e9pini\u00e8re de consommateurs du chocolat de C\u00f4te d\u2019Ivoire avec comme activit\u00e9 une \u00abclasse cacao\u00bb pour l\u2019initiation du processus de fabrication du chocolat aux enfants [&hellip;]<\/p>\n","protected":false},"author":1965,"featured_media":0,"comment_status":"closed","ping_status":"closed","sticky":false,"template":"","format":"standard","meta":{"fifu_image_url":"","fifu_image_alt":"","footnotes":""},"categories":[73,82],"tags":[],"class_list":["post-17039","post","type-post","status-publish","format-standard","hentry","category-actualite","category-cameroun"],"_links":{"self":[{"href":"https:\/\/linitiative.ca\/International\/wp-json\/wp\/v2\/posts\/17039","targetHints":{"allow":["GET"]}}],"collection":[{"href":"https:\/\/linitiative.ca\/International\/wp-json\/wp\/v2\/posts"}],"about":[{"href":"https:\/\/linitiative.ca\/International\/wp-json\/wp\/v2\/types\/post"}],"author":[{"embeddable":true,"href":"https:\/\/linitiative.ca\/International\/wp-json\/wp\/v2\/users\/1965"}],"replies":[{"embeddable":true,"href":"https:\/\/linitiative.ca\/International\/wp-json\/wp\/v2\/comments?post=17039"}],"version-history":[{"count":0,"href":"https:\/\/linitiative.ca\/International\/wp-json\/wp\/v2\/posts\/17039\/revisions"}],"wp:attachment":[{"href":"https:\/\/linitiative.ca\/International\/wp-json\/wp\/v2\/media?parent=17039"}],"wp:term":[{"taxonomy":"category","embeddable":true,"href":"https:\/\/linitiative.ca\/International\/wp-json\/wp\/v2\/categories?post=17039"},{"taxonomy":"post_tag","embeddable":true,"href":"https:\/\/linitiative.ca\/International\/wp-json\/wp\/v2\/tags?post=17039"}],"curies":[{"name":"wp","href":"https:\/\/api.w.org\/{rel}","templated":true}]}}