{"id":17042,"date":"2019-02-24T18:19:29","date_gmt":"2019-02-24T23:19:29","guid":{"rendered":"https:\/\/linitiative.ca\/International\/macky-sall-maitre-dans-son-centre-de-vote-2\/"},"modified":"2019-02-24T18:19:29","modified_gmt":"2019-02-24T23:19:29","slug":"macky-sall-maitre-dans-son-centre-de-vote-2","status":"publish","type":"post","link":"https:\/\/linitiative.ca\/International\/macky-sall-maitre-dans-son-centre-de-vote-2\/","title":{"rendered":"Macky Sall, ma\u00eetre dans son centre de vote"},"content":{"rendered":"<div readability=\"32\">\n<p>Publi\u00e9 le 25.02.2019 \u00e0 00h19 par APA News<\/p>\n<\/div>\n<div readability=\"65\">\n<p>Le pr\u00e9sident sortant, Macky Sall, est arriv\u00e9 largement en t\u00eate de son centre de vote du CEM \u00ab Thierno Mamadou Sall \u00bb de Fatick o\u00f9 il a obtenu 3190 voix dans les dix bureaux de vote, devan\u00e7ant de loin ses poursuivants directs, Ousmane Sonko (289 voix) et Idrissa Seck (145 voix).Rien que dans son bureau de vote (num\u00e9ro 3), Macky Sall caracole en t\u00eate 353 voix contre 42 pour Ousmane Sonko et 20 pour Idrissa Seck. Elhadji Issa Sall et Madick\u00e9 Niang ont r\u00e9colt\u00e9 respectivement 05 et 03 voix.<\/p>\n<p>Ce centre o\u00f9 a vot\u00e9 ce dimanche matin le candidat de la coalition Benno Bokk Yaakaar (BBY, ensemble pour un m\u00eame espoir), compte 5469 \u00e9lecteurs et a eu un taux de participation de 58%.<\/p>\n<p>Durant l\u2019apr\u00e8s-midi, le pr\u00e9fet de Fatick, Nd\u00e8ye Nguenare Mbodji, avait fait part de sa satisfaction devant le bon d\u00e9roulement du scrutin pr\u00e9sidentiel dont le un taux de participation tournait \u00ab autour de 40% \u00bb avant 15h.<\/p>\n<p>La r\u00e9gion de Fatick, situ\u00e9e \u00e0 plus de 130 km de Dakar, compte 322.290 \u00e9lecteurs r\u00e9partis sur 499 lieux de vote.<\/p>\n<p><ins data-revive-zoneid=\"9\" data-revive-id=\"10111e19d28d19d031742ee3b0b33eb0\"\/> <\/p>\n<p>Mais bien qu\u2019\u00e9tant le fief du pr\u00e9sident sortant, Fatick ne fait pas partie du trio de r\u00e9gions (Dakar-Thi\u00e8s-Diourbel) qui concentre la moiti\u00e9 de l\u2019\u00e9lectorat g\u00e9n\u00e9ral du pays, soit plus de 3 millions de personnes inscrites sur le fichier \u00e9lectoral.<\/p>\n<p>Le total des inscrits s\u2019\u00e9l\u00e8ve \u00e0 6.683.043.<\/p>\n<\/div>\n<p>Auteur: APA News<br \/>\n<a href=\"https:\/\/www.journalducameroun.com\/macky-sall-maitre-dans-son-centre-de-vote-2\/\">Cliquez ici pour lire l&rsquo;article depuis sa source.<\/a><\/p>\n","protected":false},"excerpt":{"rendered":"<p>Publi\u00e9 le 25.02.2019 \u00e0 00h19 par APA News Le pr\u00e9sident sortant, Macky Sall, est arriv\u00e9 largement en t\u00eate de son centre de vote du CEM \u00ab Thierno Mamadou Sall \u00bb de Fatick o\u00f9 il a obtenu 3190 voix dans les dix bureaux de vote, devan\u00e7ant de loin ses poursuivants directs, Ousmane Sonko (289 voix) et [&hellip;]<\/p>\n","protected":false},"author":1965,"featured_media":0,"comment_status":"closed","ping_status":"closed","sticky":false,"template":"","format":"standard","meta":{"fifu_image_url":"","fifu_image_alt":"","footnotes":""},"categories":[73,82],"tags":[],"class_list":["post-17042","post","type-post","status-publish","format-standard","hentry","category-actualite","category-cameroun"],"_links":{"self":[{"href":"https:\/\/linitiative.ca\/International\/wp-json\/wp\/v2\/posts\/17042","targetHints":{"allow":["GET"]}}],"collection":[{"href":"https:\/\/linitiative.ca\/International\/wp-json\/wp\/v2\/posts"}],"about":[{"href":"https:\/\/linitiative.ca\/International\/wp-json\/wp\/v2\/types\/post"}],"author":[{"embeddable":true,"href":"https:\/\/linitiative.ca\/International\/wp-json\/wp\/v2\/users\/1965"}],"replies":[{"embeddable":true,"href":"https:\/\/linitiative.ca\/International\/wp-json\/wp\/v2\/comments?post=17042"}],"version-history":[{"count":0,"href":"https:\/\/linitiative.ca\/International\/wp-json\/wp\/v2\/posts\/17042\/revisions"}],"wp:attachment":[{"href":"https:\/\/linitiative.ca\/International\/wp-json\/wp\/v2\/media?parent=17042"}],"wp:term":[{"taxonomy":"category","embeddable":true,"href":"https:\/\/linitiative.ca\/International\/wp-json\/wp\/v2\/categories?post=17042"},{"taxonomy":"post_tag","embeddable":true,"href":"https:\/\/linitiative.ca\/International\/wp-json\/wp\/v2\/tags?post=17042"}],"curies":[{"name":"wp","href":"https:\/\/api.w.org\/{rel}","templated":true}]}}