{"id":17045,"date":"2019-02-24T18:19:32","date_gmt":"2019-02-24T23:19:32","guid":{"rendered":"https:\/\/linitiative.ca\/International\/presidentielle-la-cena-salue-lesprit-civique-des-senegalais\/"},"modified":"2019-02-24T18:19:32","modified_gmt":"2019-02-24T23:19:32","slug":"presidentielle-la-cena-salue-lesprit-civique-des-senegalais","status":"publish","type":"post","link":"https:\/\/linitiative.ca\/International\/presidentielle-la-cena-salue-lesprit-civique-des-senegalais\/","title":{"rendered":"Pr\u00e9sidentielle : la C\u00e9na salue \u00ab l\u2019esprit civique \u00bb des S\u00e9n\u00e9galais"},"content":{"rendered":"<div readability=\"32\">\n<p>Publi\u00e9 le 25.02.2019 \u00e0 00h19 par APA News<\/p>\n<\/div>\n<div readability=\"61\">\n<p>La Commission \u00e9lectorale nationale autonome (C\u00e9na) a, dans un communiqu\u00e9 re\u00e7u dimanche soir \u00e0 APA, s\u2019est r\u00e9joui du \u00ab comportement exemplaire \u00bb et de l\u2019\u00ab esprit civique \u00bb des citoyens s\u00e9n\u00e9galais durant le premier tour de l\u2019\u00e9lection pr\u00e9sidentielle qui, selon l\u2019instance de supervision, s\u2019est d\u00e9roul\u00e9 \u00ab dans une atmosph\u00e8re g\u00e9n\u00e9rale de calme, de paix et de s\u00e9r\u00e9nit\u00e9 \u00bb.\u00ab De l\u2019ouverture des bureaux, \u00e0 8 h, \u00e0 leur fermeture, aux alentours de 18 h, les citoyens ont acquitt\u00e9 leur droit de vote en masse, confirmant une nouvelle fois l\u2019attachement du S\u00e9n\u00e9gal et des S\u00e9n\u00e9galais aux principes de la d\u00e9mocratie \u00bb, souligne le communiqu\u00e9.<\/p>\n<p>Tout en rendant \u00ab un hommage appuy\u00e9 aux forces de s\u00e9curit\u00e9, dont la pr\u00e9sence \u00e9tait visible dans tous les lieux de vote \u00bb, la C\u00e9na n\u2019oublie de confondre \u00ab dans les m\u00eames hommages les diff\u00e9rents candidats au scrutin, leurs partisans et leurs mandataires pour le civisme et l\u2019esprit d\u00e9mocratique dont ils ont tous fait montre, permettant au d\u00e9pouillement du vote de se faire dans le calme et la transparence \u00bb.<\/p>\n<p><ins data-revive-zoneid=\"9\" data-revive-id=\"10111e19d28d19d031742ee3b0b33eb0\"\/> <\/p>\n<p>\u00ab La CENA, ajoute le communiqu\u00e9, salue enfin les missions d\u2019observation \u00e9lectorale qui ont d\u00e9ploy\u00e9 sur le terrain des agents engag\u00e9s et vigilants qui n\u2019ont pas manqu\u00e9 d\u2019attirer l\u2019attention des organes de gestion des \u00e9lections sur les dysfonctionnements qu\u2019ils ont constat\u00e9s \u00bb.<\/p>\n<\/div>\n<p>Auteur: APA News<br \/>\n<a href=\"https:\/\/www.journalducameroun.com\/presidentielle-la-cena-salue-lesprit-civique-des-senegalais\/\">Cliquez ici pour lire l&rsquo;article depuis sa source.<\/a><\/p>\n","protected":false},"excerpt":{"rendered":"<p>Publi\u00e9 le 25.02.2019 \u00e0 00h19 par APA News La Commission \u00e9lectorale nationale autonome (C\u00e9na) a, dans un communiqu\u00e9 re\u00e7u dimanche soir \u00e0 APA, s\u2019est r\u00e9joui du \u00ab comportement exemplaire \u00bb et de l\u2019\u00ab esprit civique \u00bb des citoyens s\u00e9n\u00e9galais durant le premier tour de l\u2019\u00e9lection pr\u00e9sidentielle qui, selon l\u2019instance de supervision, s\u2019est d\u00e9roul\u00e9 \u00ab dans [&hellip;]<\/p>\n","protected":false},"author":1965,"featured_media":0,"comment_status":"closed","ping_status":"closed","sticky":false,"template":"","format":"standard","meta":{"fifu_image_url":"","fifu_image_alt":"","footnotes":""},"categories":[73,82],"tags":[],"class_list":["post-17045","post","type-post","status-publish","format-standard","hentry","category-actualite","category-cameroun"],"_links":{"self":[{"href":"https:\/\/linitiative.ca\/International\/wp-json\/wp\/v2\/posts\/17045","targetHints":{"allow":["GET"]}}],"collection":[{"href":"https:\/\/linitiative.ca\/International\/wp-json\/wp\/v2\/posts"}],"about":[{"href":"https:\/\/linitiative.ca\/International\/wp-json\/wp\/v2\/types\/post"}],"author":[{"embeddable":true,"href":"https:\/\/linitiative.ca\/International\/wp-json\/wp\/v2\/users\/1965"}],"replies":[{"embeddable":true,"href":"https:\/\/linitiative.ca\/International\/wp-json\/wp\/v2\/comments?post=17045"}],"version-history":[{"count":0,"href":"https:\/\/linitiative.ca\/International\/wp-json\/wp\/v2\/posts\/17045\/revisions"}],"wp:attachment":[{"href":"https:\/\/linitiative.ca\/International\/wp-json\/wp\/v2\/media?parent=17045"}],"wp:term":[{"taxonomy":"category","embeddable":true,"href":"https:\/\/linitiative.ca\/International\/wp-json\/wp\/v2\/categories?post=17045"},{"taxonomy":"post_tag","embeddable":true,"href":"https:\/\/linitiative.ca\/International\/wp-json\/wp\/v2\/tags?post=17045"}],"curies":[{"name":"wp","href":"https:\/\/api.w.org\/{rel}","templated":true}]}}