{"id":17052,"date":"2019-02-24T18:42:20","date_gmt":"2019-02-24T23:42:20","guid":{"rendered":"https:\/\/linitiative.ca\/International\/pros-ounas-ma-meilleure-periode-avec-le-napoli\/"},"modified":"2019-02-24T18:42:20","modified_gmt":"2019-02-24T23:42:20","slug":"pros-ounas-ma-meilleure-periode-avec-le-napoli","status":"publish","type":"post","link":"https:\/\/linitiative.ca\/International\/pros-ounas-ma-meilleure-periode-avec-le-napoli\/","title":{"rendered":"Pros : Ounas : \u00ab\u00a0Ma meilleure p\u00e9riode avec le Napoli\u00a0\u00bb"},"content":{"rendered":"<div readability=\"32\">\n<p>Auteur : <span class=\"time\">dimanche 24 f\u00e9vrier 2019 21:29<\/span><\/p>\n<\/div>\n<div id=\"post_core\" readability=\"44\">\n<p>A l&rsquo;issue de la rencontre, Adam Ounas a r\u00e9pondu aux questions de la chaine italienne Sky Sport :<\/p>\n<p>\u00ab\u00a0Je vis ma meilleure p\u00e9riode depuis que je joue \u00e0 Naples. Je trouve le chemin des buts et c&rsquo;est \u00e0 chaque fois un moment magique. J&rsquo;accepte toujours les choix de l&rsquo;entra\u00eeneur, je le remercie de m&rsquo;avoir fait jouer davantage lors de ces deux derniers matches, j&rsquo;essaie toujours de lui rendre la confiance qu&rsquo;il m&rsquo;accord en marquant comme je l&rsquo;ai fait aujourd&rsquo;hui et jeudi. La concurrence est dure en attaque et chacun de nous doit marquer lorsqu&rsquo;il a l&rsquo;occasion de jouer.<\/p>\n<p>Dimanche prochain face \u00e0 la Juventus, nous devons les emp\u00eacher de prendre plus de points d&rsquo;avance chez nous \u00e0 Naples. Il faudra faire de notre mieux pour gagner. \u00ab\u00a0<\/p>\n<p><strong>Publi\u00e9 dans :<\/strong> <span>Naples<\/span><\/p>\n<\/div>\n<p>Auteur:<br \/>\n<a href=\"http:\/\/www.lebuteur.com\/article\/detail?titre=ounas-ma-meilleure-periode-avec-le-napoli&#038;id=86669&#038;utm_source=feedburner&#038;utm_medium=feed&#038;utm_campaign=Feed%3A+GalerieFArtciles+%28Les+derniers+articles++-+lebuteur.com%29\">Cliquez ici pour lire l&rsquo;article depuis sa source.<\/a><\/p>\n","protected":false},"excerpt":{"rendered":"<p>Auteur : dimanche 24 f\u00e9vrier 2019 21:29 A l&rsquo;issue de la rencontre, Adam Ounas a r\u00e9pondu aux questions de la chaine italienne Sky Sport : \u00ab\u00a0Je vis ma meilleure p\u00e9riode depuis que je joue \u00e0 Naples. Je trouve le chemin des buts et c&rsquo;est \u00e0 chaque fois un moment magique. J&rsquo;accepte toujours les choix de [&hellip;]<\/p>\n","protected":false},"author":1738,"featured_media":17053,"comment_status":"closed","ping_status":"closed","sticky":false,"template":"","format":"standard","meta":{"fifu_image_url":"","fifu_image_alt":"","footnotes":""},"categories":[53,75],"tags":[],"class_list":["post-17052","post","type-post","status-publish","format-standard","has-post-thumbnail","hentry","category-algerie","category-sport"],"_links":{"self":[{"href":"https:\/\/linitiative.ca\/International\/wp-json\/wp\/v2\/posts\/17052","targetHints":{"allow":["GET"]}}],"collection":[{"href":"https:\/\/linitiative.ca\/International\/wp-json\/wp\/v2\/posts"}],"about":[{"href":"https:\/\/linitiative.ca\/International\/wp-json\/wp\/v2\/types\/post"}],"author":[{"embeddable":true,"href":"https:\/\/linitiative.ca\/International\/wp-json\/wp\/v2\/users\/1738"}],"replies":[{"embeddable":true,"href":"https:\/\/linitiative.ca\/International\/wp-json\/wp\/v2\/comments?post=17052"}],"version-history":[{"count":0,"href":"https:\/\/linitiative.ca\/International\/wp-json\/wp\/v2\/posts\/17052\/revisions"}],"wp:featuredmedia":[{"embeddable":true,"href":"https:\/\/linitiative.ca\/International\/wp-json\/"}],"wp:attachment":[{"href":"https:\/\/linitiative.ca\/International\/wp-json\/wp\/v2\/media?parent=17052"}],"wp:term":[{"taxonomy":"category","embeddable":true,"href":"https:\/\/linitiative.ca\/International\/wp-json\/wp\/v2\/categories?post=17052"},{"taxonomy":"post_tag","embeddable":true,"href":"https:\/\/linitiative.ca\/International\/wp-json\/wp\/v2\/tags?post=17052"}],"curies":[{"name":"wp","href":"https:\/\/api.w.org\/{rel}","templated":true}]}}